{"id":3939,"date":"2021-11-15T19:38:22","date_gmt":"2021-11-15T19:38:22","guid":{"rendered":"https:\/\/krankenhauspfarramt.de\/index.php\/2021\/11\/15\/orgel-des-monats-november-2021-in-bonn-oberkassel-ekd\/"},"modified":"2021-11-15T19:38:22","modified_gmt":"2021-11-15T19:38:22","slug":"orgel-des-monats-november-2021-in-bonn-oberkassel-ekd","status":"publish","type":"post","link":"https:\/\/krankenhauspfarramt.de\/index.php\/2021\/11\/15\/orgel-des-monats-november-2021-in-bonn-oberkassel-ekd\/","title":{"rendered":"\u201eOrgel des Monats November 2021\u201c in Bonn-Oberkassel \u2013 EKD"},"content":{"rendered":"<p> <br \/>\n<\/p>\n<div id=\"\">\n<div class=\"article--meta article--meta__border clearfix\">\n<p>                                    <time datetime=\"15.11.2021 14:00\" class=\"article--time\">15.11.2021<\/time><strong class=\"article--type primus--overline\">Pressemitteilung<\/strong><\/p>\n<picture class=\"article--source-image image\"><source srcset=\"https:\/\/www.ekd.de\/ekd_de\/ds_img\/assets\/20170622_ekd-Quellenlogo_141_rdax_423x118.png\"><!--<source srcset=\"\/ekd_de\/ds_img\/assets\/20170622_ekd-Quellenlogo_141_rdax_141x39.png 1x, \/ekd_de\/ds_img\/assets\/20170622_ekd-Quellenlogo_141_rdax_282x78.png 2x, https:\/\/www.ekd.de\/ekd_de\/ds_img\/assets\/20170622_ekd-Quellenlogo_141_rdax_423x118.png 3x\">--><img decoding=\"async\" src=\"https:\/\/www.ekd.de\/ekd_de\/ds_img\/assets\/20170622_ekd-Quellenlogo_141_rdax_141x39.png\" alt=\"EKD Logo\" title=\"EKD Logo\"\/><\/source><\/picture>\n<\/p><\/div>\n<h2 class=\"article--sub-headline primus--sub-headline\">Die Rehabilitierung einer romantischen K\u00f6nigin<\/h2>\n<\/p><\/div>\n<div id=\"\">\n<p>Die Geschichte der \u201eOrgel des Monats November 2021\u201c der \u201eStiftung Orgelklang\u201c ist eine besondere: 1908 erbaut und rund 70 Jahre sp\u00e4ter aufgegeben, wird die Orgel in der Gro\u00dfen Evangelischen Kirche in Bonn-Oberkassel mittlerweile saniert. Ziel ist es, das unter Denkmalschutz stehende Instrument wieder in Gebrauch zu nehmen. Die von der Evangelischen Kirche in Deutschland (EKD) gegr\u00fcndete Stiftung f\u00f6rdert die Instandsetzung mit 3.000 Euro.<\/p>\n<p>Ein \u201emusikalisches Kleinod\u201c und eine \u201eabsolute Rarit\u00e4t\u201c nennt der Orgelsachverst\u00e4ndige der rheinischen Landeskirche, Manfred Schwartz, das von der Firma E. F. Walcker in Ludwigsburg erbaute romantische Werk. \u201eNach dem Zweiten Weltkrieg war die Romantik eigentlich nicht mehr in Mode\u201c, wei\u00df Stefanie Ingenhaag, die Kantorin der Gemeinde, \u201edaher sind Orgeln wie die unsere wirklich selten.\u201c<\/p>\n<p>Als das Instrument 1975 zugunsten einer neuen Orgel aufgegeben wurde, verblieb insbesondere das Geh\u00e4use aus denkmalpflegerischen Gr\u00fcnden zwar an seinem Platz \u00fcber dem Altar, allerdings wurde ein Gro\u00dfteil seines Pfeifenwerks in die neue Orgel eingebaut. \u201eF\u00fcr uns heute ist es ein gro\u00dfes Gl\u00fcck, dass so viel von der Walcker-Orgel erhalten ist\u201c, sagt Stefanie Ingenhaag. Nachdem auch die neue Orgel sanierungsbed\u00fcrftig wurde, entschied man sich in Oberkassel f\u00fcr Instandsetzung nicht dieses, sondern des historischen Werks. Nun steht fest: Die entnommenen Pfeifen kehren zur\u00fcck, was im Laufe der Zeit verlorenging \u2012 wie etwa der Spieltisch \u2012 wird originalen Vorbildern entsprechend rekonstruiert, was in der historischen Orgel ungenutzt \u00fcberdauerte, restauriert.<\/p>\n<p>Rund 490.000 Euro werden die Ma\u00dfnahmen kosten. Den finanziellen Eigenanteil erbringt die Gemeinde insbesondere durch zahlreiche Pfeifenpatenschaften. Mehr als 66.000 Euro zeigt das Spenden-Barometer mittlerweile, inzwischen k\u00f6nnen auch die ersten Benefiz-Konzerte wieder stattfinden. N\u00e4chstes Jahr um diese Zeit, hofft Stefanie Ingenhaag, wird der \u201ewarme, weiche und tragf\u00e4hige Klang\u201c des Instruments wieder f\u00fcr alle Zuh\u00f6rerinnen und Zuh\u00f6rer in der Gro\u00dfen Evangelischen Kirche zu h\u00f6ren sein.<\/p>\n<p><em>Die Stiftung Orgelklang der Evangelischen Kirche in Deutschland (EKD) pr\u00e4sentiert in jedem Monat eine \u201eOrgel des Monats\u201c. In diesem Jahr f\u00f6rdert sie 15 Projekte in einem Gesamtumfang von 55.000 Euro (bzw. 110.000 Euro inkl. Projektspenden). Seit 2010 hat sie 236 F\u00f6rderzusagen \u00fcber mehr als 1,4 Millionen Euro gegeben (bzw. mehr als 1,9 Millionen Euro inkl. Projektspenden). Weitere Informationen finden Sie im Internet unter <\/em><em>www.stiftung-orgelklang.de<\/em><em>.<\/em><\/p>\n<p class=\"EKDAdressdaten\">Hannover, 15. November 2021<\/p>\n<p class=\"EKDAdressdaten\">Pressestelle der EKD<\/p>\n<\/div>\n","protected":false},"excerpt":{"rendered":"<p>15.11.2021Pressemitteilung Die Rehabilitierung einer romantischen K\u00f6nigin Die Geschichte der \u201eOrgel des Monats November 2021\u201c der \u201eStiftung Orgelklang\u201c ist eine besondere:<\/p>\n","protected":false},"author":1,"featured_media":0,"comment_status":"closed","ping_status":"closed","sticky":false,"template":"","format":"standard","meta":{"footnotes":""},"categories":[20],"tags":[],"_links":{"self":[{"href":"https:\/\/krankenhauspfarramt.de\/index.php\/wp-json\/wp\/v2\/posts\/3939"}],"collection":[{"href":"https:\/\/krankenhauspfarramt.de\/index.php\/wp-json\/wp\/v2\/posts"}],"about":[{"href":"https:\/\/krankenhauspfarramt.de\/index.php\/wp-json\/wp\/v2\/types\/post"}],"author":[{"embeddable":true,"href":"https:\/\/krankenhauspfarramt.de\/index.php\/wp-json\/wp\/v2\/users\/1"}],"replies":[{"embeddable":true,"href":"https:\/\/krankenhauspfarramt.de\/index.php\/wp-json\/wp\/v2\/comments?post=3939"}],"version-history":[{"count":0,"href":"https:\/\/krankenhauspfarramt.de\/index.php\/wp-json\/wp\/v2\/posts\/3939\/revisions"}],"wp:attachment":[{"href":"https:\/\/krankenhauspfarramt.de\/index.php\/wp-json\/wp\/v2\/media?parent=3939"}],"wp:term":[{"taxonomy":"category","embeddable":true,"href":"https:\/\/krankenhauspfarramt.de\/index.php\/wp-json\/wp\/v2\/categories?post=3939"},{"taxonomy":"post_tag","embeddable":true,"href":"https:\/\/krankenhauspfarramt.de\/index.php\/wp-json\/wp\/v2\/tags?post=3939"}],"curies":[{"name":"wp","href":"https:\/\/api.w.org\/{rel}","templated":true}]}}