{"id":3940,"date":"2021-11-15T22:46:52","date_gmt":"2021-11-15T22:46:52","guid":{"rendered":"https:\/\/krankenhauspfarramt.de\/index.php\/2021\/11\/15\/internet-fuer-unterwegs-ekd\/"},"modified":"2021-11-15T22:46:55","modified_gmt":"2021-11-15T22:46:55","slug":"internet-fuer-unterwegs-ekd","status":"publish","type":"post","link":"https:\/\/krankenhauspfarramt.de\/index.php\/2021\/11\/15\/internet-fuer-unterwegs-ekd\/","title":{"rendered":"Internet f\u00fcr unterwegs \u2013 EKD"},"content":{"rendered":"<p> <br \/>\n<\/p>\n<div id=\"\"><!-- RSPEAK_START --><\/p>\n<header class=\"large-10 columns article--header\">\n<h2 class=\"article--sub-headline primus--sub-headline\">Wie ein Ehrenamtlicher die kirchliche Jugendarbeit erneuert<\/h2>\n<\/header>\n<div class=\"large-8 columns large-offset-1 \">\n<p>Ohne Technik geht nichts mehr in der kirchlichen Jugendarbeit, und ohne ihn w\u00fcrde diese Technik nicht funktionieren. Felix Hartl hat schon f\u00fcr etliche Neuerungen gesorgt und sogar etwas erfunden: das Internet f\u00fcr die Jugendarbeit unterwegs, das \u201eWLAN to go\u201c.<\/p>\n<p class=\"05-FlietextohneEinzug\" style=\"text-align:right\"><em>Von Sven Kriszio<\/em><\/p>\n<\/p><\/div>\n<section class=\"large-10 large-offset-1 columns article--section\">\n<figure class=\"article--image image\"><picture><source srcset=\"https:\/\/www.ekd.de\/ekd_de\/ds_img\/assets_2835_x\/veranstaltung_technik_rdax_945x532.jpg 1x, https:\/\/www.ekd.de\/ekd_de\/ds_img\/assets_2835_x\/veranstaltung_technik_rdax_1890x1064.jpg 2x, https:\/\/www.ekd.de\/ekd_de\/ds_img\/assets_2835_x\/veranstaltung_technik.jpg 3x\"><\/source><\/picture><figcaption class=\"image--caption\">\n<p>Felix Hartls \u201eAluminium-Kiste&#8220; beim Einsatz einer Open-Air-Veranstaltung. In der Kiste steckt das\u00a0\u201eWLAN to go\u201c.<\/p>\n<\/figcaption><\/figure>\n<\/section>\n<section class=\"large-8 large-offset-1 columns article--section article--section__bullets\">\n<p>Aschaffenburg. Felix Hartl kennt sich aus mit digitaler Infrastruktur, mit \u201eSwitches\u201c und \u201eAccess Points\u201c, mit Modems und Software. Das ist der Beruf des 24-j\u00e4hrigen Fachinformatikers. Hartl, der f\u00fcr eine Firma arbeitet, die zum Beispiel Schulen mit virtuellem Speicherplatz ausr\u00fcstet, setzt dieses Wissen auch privat ein \u2013 vor allem stellt er sie in der kirchlichen Jugendarbeit des Dekanats Untermain [LINK: https:\/\/www.ej-untermain.de\/] zur Verf\u00fcgung, wo er sich ehrenamtlich engagiert.<\/p>\n<p>\u201eTechnisch hat sich total viel in der Jugendarbeit getan\u201c, sagt Hartl. Es gebe kaum ein Gremium, das ohne Zoom arbeiten k\u00f6nne, so der Vorsitzende der evangelischen Jugend Untermain. Auch Programme zum Austausch von Informationen im Internet seien l\u00e4ngst Standard. \u201eWir nutzen eine virtuelle Cloud f\u00fcr unsere Protokolle, Konzepte und Einladungen\u201c, so Hartl weiter. \u201ePapier haben wir eigentlich kaum noch irgendwo.\u201c<\/p>\n<\/section>\n<section class=\"large-12 columns article--section article--aside__bottom\"><!-- SRC:  --><\/p>\n<aside class=\"article--aside quintus teaser teaser__related rs_skip rs_preserve\">\n<div class=\"teaser--article teaser--content\">\n<figure class=\"teaser--image\"><picture><source media=\"(max-width:935px)\" srcset=\"https:\/\/www.ekd.de\/ekd_de\/ds_img\/assets_1875_x\/20180322_Thinkstock_thanasus_smartphone_1875_rdax_625x352_60.jpg 1x, https:\/\/www.ekd.de\/ekd_de\/ds_img\/assets_1875_x\/20180322_Thinkstock_thanasus_smartphone_1875_rdax_1250x704_60.jpg 2x, https:\/\/www.ekd.de\/ekd_de\/ds_img\/assets_1875_x\/20180322_Thinkstock_thanasus_smartphone_1875_rdax_60.jpg 3x\"><source media=\"(min-width:934px)\" srcset=\"https:\/\/www.ekd.de\/ekd_de\/ds_img\/assets_1875_x\/20180322_Thinkstock_thanasus_smartphone_1875_rdax_360x203_70.jpg 1x, https:\/\/www.ekd.de\/ekd_de\/ds_img\/assets_1875_x\/20180322_Thinkstock_thanasus_smartphone_1875_rdax_720x406_70.jpg 2x, https:\/\/www.ekd.de\/ekd_de\/ds_img\/assets_1875_x\/20180322_Thinkstock_thanasus_smartphone_1875_rdax_1080x608_70.jpg 3x\"><img decoding=\"async\" src=\"https:\/\/www.ekd.de\/ekd_de\/ds_img\/assets_1875_x\/20180322_Thinkstock_thanasus_smartphone_1875_rdax_625x352_60.jpg\" alt=\"Mann macht mit seinem Handy Foto von einem Kreuz\"\/><\/source><\/source><\/picture><figcaption\/><\/figure>\n<p class=\"quintus--text teaser--text\">Die Digitalisierung ist eine Daueraufgabe f\u00fcr die Evangelische Kirche \u2013 in allen Bereichen und auf vielen Ebenen. Die Stabsstelle Digitalisierung vernetzt und f\u00f6rdert Digitalisierung in den Gliedkirchen, sie greift Impulse von Ehrenamtlichen, Gemeinden und Institutionen auf und gibt eigene Impulse. Hier finden Sie Themen und Reflexionen zum Mega-Trend Digitalisierung!<\/p>\n<\/p><\/div>\n<\/aside>\n<div class=\"article--content\">\n<p>Die evangelische Jugend im westlichen Teil Unterfrankens ist up to date. So benutzt sie auch ein Programm zur Organisation von digitalen Versammlungen, genannt \u201eOpenSlides\u201c. \u201eDas erleichtert die Arbeit ungemein\u201c, sagt Hartl. Damit k\u00f6nnten Antr\u00e4ge gestellt, die Tagesordnung angezeigt und um weitere Punkte digital erg\u00e4nzt werden. Dass die Jugendlichen in Untermain ihre Kontakte nicht auf \u201eWhatsApp\u201c pflegen, sondern auf einem eigenen Server chatten, geh\u00f6re schon beinahe wie selbstverst\u00e4ndlich mit zum Angebot.<\/p>\n<h3>Das Highlight steckt in einer unscheinbaren Aluminium-Kiste<\/h3>\n<p>Das eigentliche Highlight der evangelischen Jugend Untermain steckt allerdings in einer unscheinbaren Aluminium-Kiste, die kaum mehr als 25 Kilogramm wiegt. Sie schafft die Voraussetzung f\u00fcr grenzenlose Digitalit\u00e4t in gr\u00f6\u00dferen Gruppen. \u201eUnser WLAN to go bietet 50 bis 200 Leuten selbst an Orten einen Internetzugang, wo es kein oder nur ein schlechtes Internet gibt\u201c, sagt Hartl.<\/p>\n<p>Das Internet f\u00fcr unterwegs, das er selbst Mitte vergangenen Jahres gebaut hat, k\u00f6nne zum Beispiel in einem Tal oder in abgelegenen Bildungsst\u00e4tten eingesetzt werden. Damit eigne es sich bestens f\u00fcr Freizeiten mit Jugendlichen. Denn auch bei Angeboten, die im Freien stattfinden, h\u00e4tten l\u00e4ngst digitale Angebote Einzug gehalten, sagt Hartl. Ein Beispiel seien hybride Schnitzeljagden, die mit Recherchen im Internet verbunden seien.<\/p>\n<\/p><\/div>\n<\/section>\n<section class=\"large-10 large-offset-1 columns article--section\">\n<figure class=\"article--image image\"><picture><source srcset=\"https:\/\/www.ekd.de\/ekd_de\/ds_img\/assets_2835_x\/3d_modell_wlantogo_rdax_945x532_60.jpg 1x, https:\/\/www.ekd.de\/ekd_de\/ds_img\/assets_2835_x\/3d_modell_wlantogo_rdax_1890x1064_60.jpg 2x, https:\/\/www.ekd.de\/ekd_de\/ds_img\/assets_2835_x\/3d_modell_wlantogo_rdax_60.jpg 3x\"><img decoding=\"async\" src=\"https:\/\/www.ekd.de\/ekd_de\/ds_img\/assets_2835_x\/3d_modell_wlantogo_rdax_945x532_60.jpg\" alt=\"3D-Modell 'WLAN to go'\" title=\"3D-Modell 'WLAN to go'\"\/><\/source><\/picture><figcaption class=\"image--caption\">\u201eWLAN to go\u201c in der Aluminiumkiste ist aufgebaut.<\/figcaption><\/figure>\n<\/section>\n<section class=\"large-8 large-offset-1 columns article--section article--section__bullets\">\n<h3>\u201eAber wir k\u00f6nnen nat\u00fcrlich auch nicht zaubern\u201c<\/h3>\n<p>Mit Hilfe des Ger\u00e4ts m\u00fcssten Jugendliche zudem nicht ihr eigenes, meist beschr\u00e4nktes Datenvolumen aufbrauchen. Auch in Einrichtungen, in denen das bestehende Internet nicht die n\u00f6tige Kapazit\u00e4t f\u00fcr gr\u00f6\u00dfere Gruppen habe, k\u00f6nne das Internet f\u00fcr unterwegs zum Einsatz kommen, betont Hartl.<\/p>\n<p>Die Kiste stellt \u00e4hnlich wie ein Handy, allerdings mit weit mehr Kraft eine LTE-Verbindung ins Internet her. Ausgestattet ist das Ger\u00e4t mit einem Industrie-Modem und einer langen Antenne, mehreren Zug\u00e4ngen, einigen Kabeln und einer Stromleiste.<\/p>\n<p>\u201eAber wir k\u00f6nnen nat\u00fcrlich auch nicht zaubern, sondern nur das b\u00fcndeln und verteilen, was vor Ort vorhanden ist\u201c, sagt Hartl \u00fcber die Grenzen seiner Erfindung. Wenn die Bandbreite begrenzt sei, m\u00fcsse auch das Downloadvolumen bei den Nutzern begrenzt werden. \u201eDas k\u00f6nnen 5 Mbits sein. Aber das reicht den Jugendlichen allemal zum Surfen.\u201c Daneben k\u00f6nne ein zweites Netzwerk mit mehr Bandbreite f\u00fcr die Mitarbeitenden er\u00f6ffnet werden. \u201eDa sind dann sogar Videokonferenzen m\u00f6glich.\u201c<\/p>\n<\/section>\n<section class=\"large-10 large-offset-1 columns article--section\">\n<figure class=\"article--image image\"><picture><source srcset=\"https:\/\/www.ekd.de\/ekd_de\/ds_img\/assets_2835_x\/feix-hartl-und-technik_rdax_945x532_60.jpg 1x, https:\/\/www.ekd.de\/ekd_de\/ds_img\/assets_2835_x\/feix-hartl-und-technik_rdax_1890x1064_60.jpg 2x, https:\/\/www.ekd.de\/ekd_de\/ds_img\/assets_2835_x\/feix-hartl-und-technik_rdax_60.jpg 3x\"><img decoding=\"async\" src=\"https:\/\/www.ekd.de\/ekd_de\/ds_img\/assets_2835_x\/feix-hartl-und-technik_rdax_945x532_60.jpg\" alt=\"Felix Hartl beim Technik-Check\" title=\"Felix Hartl beim Technik-Check\"\/><\/source><\/picture><figcaption class=\"image--caption\"\/><\/figure>\n<\/section>\n<section class=\"large-8 large-offset-1 columns article--section article--section__bullets\">\n<h3>Profi-Case und Ausstattung haben nur knapp 2000 Euro gekostet<\/h3>\n<p>Ein vergleichbares Ger\u00e4t gebe es bisher in der kirchlichen Jugendarbeit nicht. Dabei h\u00e4tten die Technik und das Profi-Case nur rund 1900 Euro gekostet, erz\u00e4hlt Hartl. Unterst\u00fctzung kam vom Digital-Innovationsfonds der EKD. Der Nutzen sei gro\u00df. \u201eF\u00fcr rund zehn Euro f\u00fcr eine 24 Stunden Internet Flat k\u00f6nnen bis zu 200 Jugendliche ins Internet.\u201c Lizenzkosten w\u00fcrden nicht anfallen.<\/p>\n<p>Doch Hartl wei\u00df auch um den Wert digitaler Unerreichbarkeit. Mitunter suche die evangelische Jugend in Aschaffenburg auch abgelegene Orte f\u00fcr ihre Freizeiten, die kein Internet haben. \u201eDie st\u00e4ndige Erreichbarkeit ist auf Dauer anstrengend. Da tut das Runterkommen den Jugendlichen mal ganz gut.\u201c<\/p>\n<hr\/>\n<p>Die Evangelische Kirche in Deutschland unterst\u00fctzt innovative digitale Projekte und will damit den Wandel der Kirche hin zu mehr digitalen Angeboten f\u00f6rdern. Dazu gibt es den Digital-Innovationsfonds, der eine Million Euro umfasst. Weitere innovative Projekte, aber auch Informationen zur Antragsstellung finden Sie auf der EKD-Seite zum Fonds.\u00a0\u00a0<\/p>\n<\/section>\n<p><!-- RSPEAK_STOP --><\/p>\n<footer class=\"article--footer\">\n        <\/footer>\n<\/div>\n","protected":false},"excerpt":{"rendered":"<p>Wie ein Ehrenamtlicher die kirchliche Jugendarbeit erneuert Ohne Technik geht nichts mehr in der kirchlichen Jugendarbeit, und ohne ihn w\u00fcrde<\/p>\n","protected":false},"author":1,"featured_media":3941,"comment_status":"closed","ping_status":"closed","sticky":false,"template":"","format":"standard","meta":{"footnotes":""},"categories":[20],"tags":[],"_links":{"self":[{"href":"https:\/\/krankenhauspfarramt.de\/index.php\/wp-json\/wp\/v2\/posts\/3940"}],"collection":[{"href":"https:\/\/krankenhauspfarramt.de\/index.php\/wp-json\/wp\/v2\/posts"}],"about":[{"href":"https:\/\/krankenhauspfarramt.de\/index.php\/wp-json\/wp\/v2\/types\/post"}],"author":[{"embeddable":true,"href":"https:\/\/krankenhauspfarramt.de\/index.php\/wp-json\/wp\/v2\/users\/1"}],"replies":[{"embeddable":true,"href":"https:\/\/krankenhauspfarramt.de\/index.php\/wp-json\/wp\/v2\/comments?post=3940"}],"version-history":[{"count":1,"href":"https:\/\/krankenhauspfarramt.de\/index.php\/wp-json\/wp\/v2\/posts\/3940\/revisions"}],"predecessor-version":[{"id":3942,"href":"https:\/\/krankenhauspfarramt.de\/index.php\/wp-json\/wp\/v2\/posts\/3940\/revisions\/3942"}],"wp:featuredmedia":[{"embeddable":true,"href":"https:\/\/krankenhauspfarramt.de\/index.php\/wp-json\/wp\/v2\/media\/3941"}],"wp:attachment":[{"href":"https:\/\/krankenhauspfarramt.de\/index.php\/wp-json\/wp\/v2\/media?parent=3940"}],"wp:term":[{"taxonomy":"category","embeddable":true,"href":"https:\/\/krankenhauspfarramt.de\/index.php\/wp-json\/wp\/v2\/categories?post=3940"},{"taxonomy":"post_tag","embeddable":true,"href":"https:\/\/krankenhauspfarramt.de\/index.php\/wp-json\/wp\/v2\/tags?post=3940"}],"curies":[{"name":"wp","href":"https:\/\/api.w.org\/{rel}","templated":true}]}}