{"id":3945,"date":"2021-11-17T21:07:55","date_gmt":"2021-11-17T21:07:55","guid":{"rendered":"https:\/\/krankenhauspfarramt.de\/index.php\/2021\/11\/17\/mitten-in-der-welt-von-gott-reden-ekd\/"},"modified":"2021-11-17T21:07:57","modified_gmt":"2021-11-17T21:07:57","slug":"mitten-in-der-welt-von-gott-reden-ekd","status":"publish","type":"post","link":"https:\/\/krankenhauspfarramt.de\/index.php\/2021\/11\/17\/mitten-in-der-welt-von-gott-reden-ekd\/","title":{"rendered":"\u201eMitten in der Welt von Gott reden\u201c \u2013 EKD"},"content":{"rendered":"<p> <br \/>\n<\/p>\n<div id=\"\">\n<div class=\"article--meta article--meta__border clearfix\">\n<p>                                    <time datetime=\"17.11.2021 15:00\" class=\"article--time\">17.11.2021<\/time><strong class=\"article--type primus--overline\">Pressemitteilung<\/strong><\/p>\n<picture class=\"article--source-image image\"><source srcset=\"https:\/\/www.ekd.de\/ekd_de\/ds_img\/assets\/20170622_ekd-Quellenlogo_141_rdax_423x118.png\"><!--<source srcset=\"\/ekd_de\/ds_img\/assets\/20170622_ekd-Quellenlogo_141_rdax_141x39.png 1x, \/ekd_de\/ds_img\/assets\/20170622_ekd-Quellenlogo_141_rdax_282x78.png 2x, https:\/\/www.ekd.de\/ekd_de\/ds_img\/assets\/20170622_ekd-Quellenlogo_141_rdax_423x118.png 3x\">--><\/source><\/picture>\n<\/p><\/div>\n<h2 class=\"article--sub-headline primus--sub-headline\">Ratsvorsitzende Annette Kurschus mit dem \u00d6kumenischen Predigtpreis 2021 in Bonn ausgezeichnet<\/h2>\n<\/p><\/div>\n<div id=\"\">\n<p class=\"EKDAdressdaten\">Es ist eine Auszeichnung f\u00fcr Predigten, die Standards setzen: Pr\u00e4ses Annette Kurschus hat in Bonn den \u00d6kumenischen Predigtpreis 2021 in der Kategorie \u201eLebenswerk\u201c erhalten. Bei der Preisverleihung am Bu\u00df- und Bettag in der alt-katholischen Namen-Jesu Kirche sagte Laudator Professor Reinhard Schmidt-Rost: \u201eMitten in der Welt von Gott reden\u201c, darauf komme es an. Die Preistr\u00e4gerin habe ber\u00fchrende Ansprachen von \u00f6ffentlichem Interesse gehalten und Grundgedanken f\u00fcr die akademische Theologie formuliert.<\/p>\n<p class=\"EKDAdressdaten\">Annette Kurschus, neu gew\u00e4hlte Ratsvorsitzende der Evangelischen Kirche in Deutschland (EKD) und leitende Theologin der Evangelischen Kirche von Westfalen (EKvW) predigte beispielsweise 2015 beim Gedenkgottesdienst f\u00fcr die Opfer des Germanwings-Absturzes im K\u00f6lner Dom und zu Ostern 2020 im ZDF-Gottesdienst w\u00e4hrend des ersten Corona-Lockdowns.<\/p>\n<p class=\"EKDAdressdaten\">Der Predigtpreis 2021 f\u00fcr die beste Einzelpredigt ging an Marco Voigt, Rundfunkpastor beim NDR, f\u00fcr seinen Beitrag zum Thema \u201eH\u00f6ren\u201c. Der Vorsitzende der Jury, der Bonner Theologieprofessor Eberhard Hauschildt, hob hervor, dass beide Ausgezeichneten mit ihren Predigten \u201emediale Wirkung in der \u00d6ffentlichkeit und f\u00fcr die Gesellschaft\u201c entfalten. Das gelinge durch \u201eSprachbilder, die Nachdenklichkeit erzeugen und Menschen zueinander finden lassen\u201c.<\/p>\n<p class=\"EKDAdressdaten\">Pr\u00e4ses Kurschus sagte bei der Verleihung: \u201e\u00dcber diesen besonderen Preis freue ich mich von Herzen. Weil er wahrnimmt, was mir zutiefst kostbar ist und worauf ich gr\u00f6\u00dften Wert lege. Weil er w\u00fcrdigt, was mir selbst geschenkt ist &#8211; und worum ich mich zugleich immer neu bem\u00fche.\u201c Aus ihrer fr\u00fchen Lust am H\u00f6ren sei die Freude am Formulieren geworden, so die EKD-Ratsvorsitzende: \u201eSelber Worte finden, die aufhorchen lassen. Mit Sprache Bilder malen und Gleichnisse wagen, Erlebtes in Geschichten kleiden, alt Vertrautes mit neuen Worten beschreiben, so dass es heilsam fremd wird. Sprache kann so viel \u2013 und ich traue ihr jede Menge zu.\u201c Wenn das Wort Geh\u00f6r finde in der Gesellschaft, sei das ein Geschenk.<\/p>\n<p class=\"EKDAdressdaten\">Die \u00f6ffentliche Verleihung des Predigtpreises in Bonn soll den Dialog zwischen Kirche, Wissenschaft und Gesellschaft f\u00f6rdern. Seit dem Jahr 2000 ist der nicht dotierte Preis zu einem anerkannten Ma\u00dfstab f\u00fcr die Qualit\u00e4t christlicher Rede geworden. Zu den bisherigen Tr\u00e4gern in der Kategorie \u201eLebenswerk\u201c z\u00e4hlen Norbert Lammert, Eberhard J\u00fcngel, Hanns Dieter H\u00fcsch, Fulbert Steffensky und Walter Jens.<\/p>\n<p class=\"EKDAdressdaten\">Fotos von der Preisverleihung sind \u00fcber die Pressestelle der EKD presse@ekd.de erh\u00e4ltlich.<\/p>\n<p class=\"EKDAdressdaten\">Hannover, 17. November 2021<\/p>\n<p class=\"EKDAdressdaten\">Pressestelle der EKD<br \/>Carsten Splitt<\/p>\n<\/div>\n","protected":false},"excerpt":{"rendered":"<p>17.11.2021Pressemitteilung Ratsvorsitzende Annette Kurschus mit dem \u00d6kumenischen Predigtpreis 2021 in Bonn ausgezeichnet Es ist eine Auszeichnung f\u00fcr Predigten, die Standards<\/p>\n","protected":false},"author":1,"featured_media":3946,"comment_status":"closed","ping_status":"closed","sticky":false,"template":"","format":"standard","meta":{"footnotes":""},"categories":[20],"tags":[],"_links":{"self":[{"href":"https:\/\/krankenhauspfarramt.de\/index.php\/wp-json\/wp\/v2\/posts\/3945"}],"collection":[{"href":"https:\/\/krankenhauspfarramt.de\/index.php\/wp-json\/wp\/v2\/posts"}],"about":[{"href":"https:\/\/krankenhauspfarramt.de\/index.php\/wp-json\/wp\/v2\/types\/post"}],"author":[{"embeddable":true,"href":"https:\/\/krankenhauspfarramt.de\/index.php\/wp-json\/wp\/v2\/users\/1"}],"replies":[{"embeddable":true,"href":"https:\/\/krankenhauspfarramt.de\/index.php\/wp-json\/wp\/v2\/comments?post=3945"}],"version-history":[{"count":1,"href":"https:\/\/krankenhauspfarramt.de\/index.php\/wp-json\/wp\/v2\/posts\/3945\/revisions"}],"predecessor-version":[{"id":3947,"href":"https:\/\/krankenhauspfarramt.de\/index.php\/wp-json\/wp\/v2\/posts\/3945\/revisions\/3947"}],"wp:featuredmedia":[{"embeddable":true,"href":"https:\/\/krankenhauspfarramt.de\/index.php\/wp-json\/wp\/v2\/media\/3946"}],"wp:attachment":[{"href":"https:\/\/krankenhauspfarramt.de\/index.php\/wp-json\/wp\/v2\/media?parent=3945"}],"wp:term":[{"taxonomy":"category","embeddable":true,"href":"https:\/\/krankenhauspfarramt.de\/index.php\/wp-json\/wp\/v2\/categories?post=3945"},{"taxonomy":"post_tag","embeddable":true,"href":"https:\/\/krankenhauspfarramt.de\/index.php\/wp-json\/wp\/v2\/tags?post=3945"}],"curies":[{"name":"wp","href":"https:\/\/api.w.org\/{rel}","templated":true}]}}