{"id":3950,"date":"2021-11-19T14:04:17","date_gmt":"2021-11-19T14:04:17","guid":{"rendered":"https:\/\/krankenhauspfarramt.de\/index.php\/2021\/11\/19\/im-gedenken-bleiben-wir-einander-verbunden-ekd\/"},"modified":"2021-11-19T14:04:17","modified_gmt":"2021-11-19T14:04:17","slug":"im-gedenken-bleiben-wir-einander-verbunden-ekd","status":"publish","type":"post","link":"https:\/\/krankenhauspfarramt.de\/index.php\/2021\/11\/19\/im-gedenken-bleiben-wir-einander-verbunden-ekd\/","title":{"rendered":"\u201eIm Gedenken bleiben wir einander verbunden\u201c \u2013 EKD"},"content":{"rendered":"<p> <br \/>\n<\/p>\n<div id=\"\">\n<div class=\"article--meta article--meta__border clearfix\">\n<p>                                    <time datetime=\"19.11.2021 13:55\" class=\"article--time\">19.11.2021<\/time><strong class=\"article--type primus--overline\">Pressemitteilung<\/strong><\/p>\n<picture class=\"article--source-image image\"><source srcset=\"https:\/\/www.ekd.de\/ekd_de\/ds_img\/assets\/20170622_ekd-Quellenlogo_141_rdax_423x118.png\"><!--<source srcset=\"\/ekd_de\/ds_img\/assets\/20170622_ekd-Quellenlogo_141_rdax_141x39.png 1x, \/ekd_de\/ds_img\/assets\/20170622_ekd-Quellenlogo_141_rdax_282x78.png 2x, https:\/\/www.ekd.de\/ekd_de\/ds_img\/assets\/20170622_ekd-Quellenlogo_141_rdax_423x118.png 3x\">--><img decoding=\"async\" src=\"https:\/\/www.ekd.de\/ekd_de\/ds_img\/assets\/20170622_ekd-Quellenlogo_141_rdax_141x39.png\" alt=\"EKD Logo\" title=\"EKD Logo\"\/><\/source><\/picture>\n<\/p><\/div>\n<h2 class=\"article--sub-headline primus--sub-headline\">Ratsvorsitzende Kurschus predigt am Ewigkeitssonntag in Wattenscheid<\/h2>\n<\/p><\/div>\n<div id=\"\">\n<p>Zum Ewigkeitssonntag (21.11.) hat die Ratsvorsitzende der Evangelischen Kirche in Deutschland (EKD), Pr\u00e4ses Annette Kurschus, daran erinnert, wie n\u00f6tig der Trost f\u00fcr die Menschen ist: \u201eUnz\u00e4hlige haben in der Pandemie erlebt, wie es ist, wenn kein Mensch da ist, der ein Wort des Trostes spricht. Die Trostlosigkeit war wirklich zum Verzweifeln.\u201c<\/p>\n<p>Die Zeit der Corona-Pandemie habe uns neu gelehrt, wie n\u00f6tig wir Trost brauchen. \u201eSo n\u00f6tig wie die Luft zum Atmen und das t\u00e4gliche Brot. Die vergangenen Monate haben uns noch etwas gelehrt: Der Trost braucht Gesten und Formen und Rituale. Er braucht die gemeinsame Feier, das gemeinsame Gebet, das gemeinsame Gedenken\u201c, so die Ratsvorsitzende und f\u00fcgte hinzu: \u201eWir w\u00fcrdigen damit nicht allein unsere Toten, die uns ja nur eine Zeitspanne voraus sind. Wir sch\u00f6pfen daraus Trost f\u00fcr uns Lebende. Im Gedenken bleiben wir miteinander verbunden. Weil der lebendige Gott unser gedenkt. In seiner Hand sind wir geborgen \u2013 die Lebenden und die Toten.\u201c<\/p>\n<p>Die Frage nach dem notwendigen Trost, insbesondere in der Zeit der Pandemie, steht auch im Fokus der Predigt von Kurschus, die diese im Rahmen der Aktion \u201eB\u00e4ume der Hoffnung\u201c am Ewigkeitssonntag um 15 Uhr auf dem evangelischen Friedhof Wattenscheid h\u00e4lt.<\/p>\n<p><span style=\"letter-spacing:.1pt\">Der Ewigkeitssonntag im November, auch Totensonntag genannt, ist dem Andenken an Verstorbene gewidmet. Neben dem Totengedenken wird in vielen Gottesdiensten auch zu einem bewussteren Umgang mit der Lebenszeit ermutigt. Der Gedenktag geht auf die Reformationszeit zur\u00fcck. Mit dem Ewigkeitssonntag endet das Kirchenjahr.<\/span><\/p>\n<p>Weitere Informationen unter www.ekd.de\/Ewigkeitssonntag.<\/p>\n<p>Weitere Informationen zur Aktion der Evangelischen Kirche von Westfalen \u201eB\u00e4ume der Hoffnung\u201c unter www.ort-der-hoffnung.de<\/p>\n<p>Hannover, 19. November 2021<\/p>\n<p class=\"EKDFlietext\">Pressestelle der EKD<br \/>Annika Lukas<\/p>\n<\/div>\n","protected":false},"excerpt":{"rendered":"<p>19.11.2021Pressemitteilung Ratsvorsitzende Kurschus predigt am Ewigkeitssonntag in Wattenscheid Zum Ewigkeitssonntag (21.11.) hat die Ratsvorsitzende der Evangelischen Kirche in Deutschland (EKD),<\/p>\n","protected":false},"author":1,"featured_media":0,"comment_status":"closed","ping_status":"closed","sticky":false,"template":"","format":"standard","meta":{"footnotes":""},"categories":[20],"tags":[],"_links":{"self":[{"href":"https:\/\/krankenhauspfarramt.de\/index.php\/wp-json\/wp\/v2\/posts\/3950"}],"collection":[{"href":"https:\/\/krankenhauspfarramt.de\/index.php\/wp-json\/wp\/v2\/posts"}],"about":[{"href":"https:\/\/krankenhauspfarramt.de\/index.php\/wp-json\/wp\/v2\/types\/post"}],"author":[{"embeddable":true,"href":"https:\/\/krankenhauspfarramt.de\/index.php\/wp-json\/wp\/v2\/users\/1"}],"replies":[{"embeddable":true,"href":"https:\/\/krankenhauspfarramt.de\/index.php\/wp-json\/wp\/v2\/comments?post=3950"}],"version-history":[{"count":0,"href":"https:\/\/krankenhauspfarramt.de\/index.php\/wp-json\/wp\/v2\/posts\/3950\/revisions"}],"wp:attachment":[{"href":"https:\/\/krankenhauspfarramt.de\/index.php\/wp-json\/wp\/v2\/media?parent=3950"}],"wp:term":[{"taxonomy":"category","embeddable":true,"href":"https:\/\/krankenhauspfarramt.de\/index.php\/wp-json\/wp\/v2\/categories?post=3950"},{"taxonomy":"post_tag","embeddable":true,"href":"https:\/\/krankenhauspfarramt.de\/index.php\/wp-json\/wp\/v2\/tags?post=3950"}],"curies":[{"name":"wp","href":"https:\/\/api.w.org\/{rel}","templated":true}]}}