{"id":3951,"date":"2021-11-23T10:51:25","date_gmt":"2021-11-23T10:51:25","guid":{"rendered":"https:\/\/krankenhauspfarramt.de\/index.php\/2021\/11\/23\/russland-ohne-memorial-nicht-mehr-dasselbe-land-ekd\/"},"modified":"2021-11-23T10:51:27","modified_gmt":"2021-11-23T10:51:27","slug":"russland-ohne-memorial-nicht-mehr-dasselbe-land-ekd","status":"publish","type":"post","link":"https:\/\/krankenhauspfarramt.de\/index.php\/2021\/11\/23\/russland-ohne-memorial-nicht-mehr-dasselbe-land-ekd\/","title":{"rendered":"Russland ohne &#8222;Memorial&#8220; nicht mehr dasselbe Land \u2013 EKD"},"content":{"rendered":"<p> <br \/>\n<\/p>\n<div>\n<p>Hannover (epd). Die Auslandsbisch\u00f6fin der Evangelischen Kirche in Deutschland (EKD), Petra Bosse-Huber, hat die Bundesregierung aufgefordert, sich f\u00fcr den Schutz der russischen Menschenrechtsorganisation \u201eMemorial\u201c einzusetzen. \u201eWir fordern als Evangelische Kirche in Deutschland die Bundesregierung und die Europ\u00e4ische Union auf, alles in ihren Kr\u00e4ften stehende zum Schutz von &#8218;Memorial&#8216;, seiner Mitarbeitenden und der russischen Zivilgesellschaft zu unternehmen\u201c, sagte Bosse-Huber dem Evangelischen Pressedienst (epd) am Montag.<\/p>\n<\/p><\/div>\n<div id=\"\">\n<p>Die Menschenrechtsorganisation wurde 1988 in Moskau von Menschenrechtlern um den Friedensnobelpreistr\u00e4ger Andrej Sacharow gegr\u00fcndet. Seither k\u00fcmmert sich \u201eMemorial\u201c um die Aufarbeitung der politischen Verfolgung in der Sowjetunion. Die Forschungs- und Aufkl\u00e4rungsarbeit der Organisation habe auch Ma\u00dfst\u00e4be f\u00fcr die europ\u00e4ische Erinnerungskultur gesetzt, hie\u00df es. Gleichzeitig tritt \u201eMemorial\u201c f\u00fcr die Wahrung der B\u00fcrger- und Menschenrechte ein. Die Organisation erhielt unter anderen 2004 den Alternativen Nobelpreis und 2009 den Sacharow-Preis des Europ\u00e4ischen Parlaments.<\/p>\n<p>\u201eMemorial\u201c ist seit 2016 in Russland als \u201eAusl\u00e4ndischer Agent\u201c registriert, weil die Organisation teilweise aus dem Ausland finanziert wird. Ihr wird vorgeworfen, gegen ein entsprechendes Gesetz versto\u00dfen zu haben. Das Oberste Gericht Russlands hat die Organisation zu einem Gerichtstermin am 25. November vorgeladen, da die Generalstaatsanwaltschaft die Aufl\u00f6sung von \u201eMemorial-International\u201c beantragt hat.<\/p>\n<p>\u201eBereits die Vorstellung, dass &#8218;Memorial&#8216; geschlossen werden soll, ist unertr\u00e4glich\u201c, sagte Bosse-Huber. Niemand setze sich mutiger f\u00fcr die Menschenrechte im heutigen Russland ein, niemand verteidige in dem Land Wahrheit und Wahrhaftigkeit entschlossener, setze sich mehr f\u00fcr die Aufarbeitung der Geschichte ein und f\u00fcr die Rehabilitierung von Opfern politischer Gewalt. \u201eRussland ohne &#8218;Memorial&#8216; w\u00e4re nicht mehr dasselbe Land\u201c, betonte die EKD-Auslandsbisch\u00f6fin.<br \/>\u00a0<\/p>\n<\/div>\n","protected":false},"excerpt":{"rendered":"<p>Hannover (epd). Die Auslandsbisch\u00f6fin der Evangelischen Kirche in Deutschland (EKD), Petra Bosse-Huber, hat die Bundesregierung aufgefordert, sich f\u00fcr den Schutz<\/p>\n","protected":false},"author":1,"featured_media":3952,"comment_status":"closed","ping_status":"closed","sticky":false,"template":"","format":"standard","meta":{"footnotes":""},"categories":[20],"tags":[],"_links":{"self":[{"href":"https:\/\/krankenhauspfarramt.de\/index.php\/wp-json\/wp\/v2\/posts\/3951"}],"collection":[{"href":"https:\/\/krankenhauspfarramt.de\/index.php\/wp-json\/wp\/v2\/posts"}],"about":[{"href":"https:\/\/krankenhauspfarramt.de\/index.php\/wp-json\/wp\/v2\/types\/post"}],"author":[{"embeddable":true,"href":"https:\/\/krankenhauspfarramt.de\/index.php\/wp-json\/wp\/v2\/users\/1"}],"replies":[{"embeddable":true,"href":"https:\/\/krankenhauspfarramt.de\/index.php\/wp-json\/wp\/v2\/comments?post=3951"}],"version-history":[{"count":1,"href":"https:\/\/krankenhauspfarramt.de\/index.php\/wp-json\/wp\/v2\/posts\/3951\/revisions"}],"predecessor-version":[{"id":3953,"href":"https:\/\/krankenhauspfarramt.de\/index.php\/wp-json\/wp\/v2\/posts\/3951\/revisions\/3953"}],"wp:featuredmedia":[{"embeddable":true,"href":"https:\/\/krankenhauspfarramt.de\/index.php\/wp-json\/wp\/v2\/media\/3952"}],"wp:attachment":[{"href":"https:\/\/krankenhauspfarramt.de\/index.php\/wp-json\/wp\/v2\/media?parent=3951"}],"wp:term":[{"taxonomy":"category","embeddable":true,"href":"https:\/\/krankenhauspfarramt.de\/index.php\/wp-json\/wp\/v2\/categories?post=3951"},{"taxonomy":"post_tag","embeddable":true,"href":"https:\/\/krankenhauspfarramt.de\/index.php\/wp-json\/wp\/v2\/tags?post=3951"}],"curies":[{"name":"wp","href":"https:\/\/api.w.org\/{rel}","templated":true}]}}