{"id":3960,"date":"2021-11-29T10:01:37","date_gmt":"2021-11-29T10:01:37","guid":{"rendered":"https:\/\/krankenhauspfarramt.de\/index.php\/2021\/11\/29\/drei-neue-sprecherinnen-ab-januar-2022-imwort-zum-sonntag-team-ekd\/"},"modified":"2021-11-29T10:01:39","modified_gmt":"2021-11-29T10:01:39","slug":"drei-neue-sprecherinnen-ab-januar-2022-imwort-zum-sonntag-team-ekd","status":"publish","type":"post","link":"https:\/\/krankenhauspfarramt.de\/index.php\/2021\/11\/29\/drei-neue-sprecherinnen-ab-januar-2022-imwort-zum-sonntag-team-ekd\/","title":{"rendered":"Drei neue Sprecher:innen ab Januar 2022 im\u201eWort zum Sonntag&#8220;-Team \u2013 EKD"},"content":{"rendered":"<p> <br \/>\n<\/p>\n<div id=\"\">\n<div class=\"article--meta article--meta__border clearfix\">\n<p>                                    <time datetime=\"29.11.2021 10:00\" class=\"article--time\">29.11.2021<\/time><strong class=\"article--type primus--overline\">Pressemitteilung<\/strong><\/p>\n<picture class=\"article--source-image image\"><source srcset=\"https:\/\/www.ekd.de\/ekd_de\/ds_img\/assets\/20170622_ekd-Quellenlogo_141_rdax_423x118.png\"><!--<source srcset=\"\/ekd_de\/ds_img\/assets\/20170622_ekd-Quellenlogo_141_rdax_141x39.png 1x, \/ekd_de\/ds_img\/assets\/20170622_ekd-Quellenlogo_141_rdax_282x78.png 2x, https:\/\/www.ekd.de\/ekd_de\/ds_img\/assets\/20170622_ekd-Quellenlogo_141_rdax_423x118.png 3x\">--><\/source><\/picture>\n<\/p><\/div>\n<h2 class=\"article--sub-headline primus--sub-headline\">Premieren f\u00fcr Alexander H\u00f6ner, Anke Prumbaum, Julia Enxing &#8211; Abschied von Gereon Alter, Christian Rommert und Ilka Sobottke<\/h2>\n<\/p><\/div>\n<div id=\"\">\n<p>Mehr als 1,3 Millionen Menschen schauen Woche f\u00fcr Woche \u201eDas Wort zum Sonntag\u201c am Samstagabend im Ersten. Ab dem Jahreswechsel werden drei neue Gesichter mit der zweit\u00e4ltesten Sendung im deutschen Fernsehen verbunden sein.<\/p>\n<p><strong>Alexander H\u00f6ner<\/strong> (rbb) hei\u00dft der neue Sprecher, der das Team von der evangelischen Seite bereichern wird. Sein erstes \u201eWort zum Sonntag\u201c spricht er am 8. Januar 2022. Alexander H\u00f6ner ist evangelischer Pfarrer aus Tempelhof-Sch<span lang=\"SV\">\u00f6<\/span>neberg in Berlin. In seiner Praxis als Pfarrer f\u00e4hrt Alexander H\u00f6ner auch schon einmal mit einer Rikscha durch Berlin und fragt die Leute: \u201eWie sieht Dein Himmel aus?\u201c und ist \u00fcberrascht, was die Berliner:innen alles darauf antworten.<strong> <\/strong>Alexander H\u00f6ner l\u00f6st Pastor Christian Rommert aus Bochum (WDR) ab, der nach sechs Jahren sein letztes \u201eWort\u201c am 4. Dezember 2021 sprechen wird.<\/p>\n<p>Als weitere neue Sprecherin wurde <strong>Anke Prumbaum <\/strong>aus Moers (WDR) benannt. Die Pfarrerin kennt \u201edie Perspektive derer, die von sich sagen, dass sie eher nicht zur Kirche gehen. Mit ihnen ins Gespr\u00e4ch zu kommen ist mir wichtig &#8211; ihre Fragen an den Glauben zu h\u00f6ren und mit ihnen nach Orientierung im Leben zu suchen.\u201c Anke Prumbaum ist Mutter von zwei S\u00f6hnen und einer Tochter, mit denen das Leben durchaus turbulent sein kann. Zum Entspannen braucht sie drei Dinge: ihre Laufschuhe, die Yogamatte und Hafermilch f\u00fcr den Kaffee. Sie wird am 22. Januar 2022 Premiere feiern und damit Pfarrerin Ilka Sobottke (SWR) abl\u00f6sen, die nach drei Jahren ihr letztes \u201eWort\u201c am 11. Dezember 2021 sprechen wird.<\/p>\n<p>Die dritte Neue in der Runde ist <strong>Prof. Dr.<\/strong> <strong>Julia Enxing<\/strong> (MDR). Sie hat den Lehrstuhl f\u00fcr Systematische Theologie am Institut f\u00fcr Katholische Theologie an der Technischen Universit\u00e4t Dresden inne, f\u00e4hrt mit Vorliebe ein altes Hollandrad und joggt auch an tr\u00fcben Tagen in Begleitung ihrer H\u00fcndin \u00fcber die Elbwiesen. Julia Enxing ist \u00fcberzeugt: \u201eSo wie Gesellschaften, Politik, \u00d6kologie und \u00d6konomie sich fortw\u00e4hrend ver\u00e4ndern, so ist auch eine Kirche, die sich in Leben und Alltag verortet, in Bewegung. Theologie am Puls der Zeit zu treiben bedeutet deshalb auch, flexibel zu sein.\u201c Am 29. Januar 2022 wird sie ihr erstes \u201eWort zum Sonntag\u201c sprechen. Sie l\u00f6st Pfarrer Gereon Alter (WDR) ab, der seit 2010 zu den Sprechern geh\u00f6rte und bereits am 30. Oktober sein letztes \u201eWort\u201c sprach.<\/p>\n<p>Die neuen Sprecher:innen erg\u00e4nzen das von katholisch und evangelischer Seite parit\u00e4tisch besetzte achtk\u00f6pfige \u201eWort-zum-Sonntag&#8220;-Team, das sie nun gemeinsam mit Wolfgang Beck aus Hildesheim (NDR), Lissy Eichert aus Berlin (rbb), <strong>Benedikt Welter aus Saarbr\u00fccken (SR) sowie<\/strong> Stefanie Schardien aus F\u00fcrth (BR) und Annette Behnken aus Loccum (NDR) bilden.<\/p>\n<p>F\u00fcr Intervieww\u00fcnsche zu den neuen Sprecher:innen des \u201eDas Wort zum Sonntag\u201c melden Sie sich bitte bei untenstehendem Pressekontakt.<\/p>\n<p>Unter der Adresse www.DasErste.de\/wort finden sich die Lebensl\u00e4ufe der neuen Sprecher:innen, aktuelle Manuskripte, Portr\u00e4ts der Sprecher:innen und Hintergrundinformationen zur Sendung. Links f\u00fchren zu den Informationsangeboten der Kirchen und ihren Seelsorge-Einrichtungen.<\/p>\n<p><em>Pressekontakt: <\/em><br \/>Agnes Toellner, Presse und Information Das Erste, Tel: 089\/558944876, E-Mail: agnes.toellner@DasErste.de<\/p>\n<p><em>Fotos unter <\/em>www.ard-foto.de<\/p>\n<p>Hannover, 22. November 2021<\/p>\n<p class=\"EKDAdresse\">Pressestelle der EKD<br \/>Carsten Splitt<\/p>\n<\/div>\n","protected":false},"excerpt":{"rendered":"<p>29.11.2021Pressemitteilung Premieren f\u00fcr Alexander H\u00f6ner, Anke Prumbaum, Julia Enxing &#8211; Abschied von Gereon Alter, Christian Rommert und Ilka Sobottke Mehr<\/p>\n","protected":false},"author":1,"featured_media":3961,"comment_status":"closed","ping_status":"closed","sticky":false,"template":"","format":"standard","meta":{"footnotes":""},"categories":[20],"tags":[],"_links":{"self":[{"href":"https:\/\/krankenhauspfarramt.de\/index.php\/wp-json\/wp\/v2\/posts\/3960"}],"collection":[{"href":"https:\/\/krankenhauspfarramt.de\/index.php\/wp-json\/wp\/v2\/posts"}],"about":[{"href":"https:\/\/krankenhauspfarramt.de\/index.php\/wp-json\/wp\/v2\/types\/post"}],"author":[{"embeddable":true,"href":"https:\/\/krankenhauspfarramt.de\/index.php\/wp-json\/wp\/v2\/users\/1"}],"replies":[{"embeddable":true,"href":"https:\/\/krankenhauspfarramt.de\/index.php\/wp-json\/wp\/v2\/comments?post=3960"}],"version-history":[{"count":1,"href":"https:\/\/krankenhauspfarramt.de\/index.php\/wp-json\/wp\/v2\/posts\/3960\/revisions"}],"predecessor-version":[{"id":3962,"href":"https:\/\/krankenhauspfarramt.de\/index.php\/wp-json\/wp\/v2\/posts\/3960\/revisions\/3962"}],"wp:featuredmedia":[{"embeddable":true,"href":"https:\/\/krankenhauspfarramt.de\/index.php\/wp-json\/wp\/v2\/media\/3961"}],"wp:attachment":[{"href":"https:\/\/krankenhauspfarramt.de\/index.php\/wp-json\/wp\/v2\/media?parent=3960"}],"wp:term":[{"taxonomy":"category","embeddable":true,"href":"https:\/\/krankenhauspfarramt.de\/index.php\/wp-json\/wp\/v2\/categories?post=3960"},{"taxonomy":"post_tag","embeddable":true,"href":"https:\/\/krankenhauspfarramt.de\/index.php\/wp-json\/wp\/v2\/tags?post=3960"}],"curies":[{"name":"wp","href":"https:\/\/api.w.org\/{rel}","templated":true}]}}