{"id":3963,"date":"2021-11-29T10:48:16","date_gmt":"2021-11-29T10:48:16","guid":{"rendered":"https:\/\/krankenhauspfarramt.de\/index.php\/2021\/11\/29\/27-11-2021-als-christen-koennen-wir-nicht-tatenlos-zusehen\/"},"modified":"2021-11-29T10:48:16","modified_gmt":"2021-11-29T10:48:16","slug":"27-11-2021-als-christen-koennen-wir-nicht-tatenlos-zusehen","status":"publish","type":"post","link":"https:\/\/krankenhauspfarramt.de\/index.php\/2021\/11\/29\/27-11-2021-als-christen-koennen-wir-nicht-tatenlos-zusehen\/","title":{"rendered":"27.11.2021 \u201eAls Christen k\u00f6nnen wir nicht tatenlos zusehen\u201c"},"content":{"rendered":"<p><img decoding=\"async\" src=\"https:\/\/www.elk-wue.de\/\" \/><\/p>\n<div id=\"c32775\">\n<header>\n<h2 class=\"b_is-headline\">\u201eAls Christen k\u00f6nnen wir nicht tatenlos zusehen\u201c<\/h2>\n<h3>\u00d6kumenischer Advents-Er\u00f6ffnungsgottesdienst mit Bischof Dr. Gebhard F\u00fcrst und Landesbischof Dr. h. c. Frank Otfried July in Ludwigsburg<\/h3>\n<\/header>\n<p>Ludwigsburg\/Stuttgart\/Rottenburg. Mit einem \u00f6kumenischen Gottesdienst in der Evangelischen Stadtkirche in Ludwigsburg haben Bischof Dr. Gebhard F\u00fcrst und Landesbischof Dr. h. c. Frank Otfried July am Samstag, 27. November, gemeinsam die Adventszeit er\u00f6ffnet. Der Gottesdienst fand in eingeschr\u00e4nkter Form unter Corona-Bedingungen statt.<\/p>\n<p>Bischof Dr. Gebhard F\u00fcrst verwies in seiner Predigt auf die derzeitige Spaltung der Gesellschaft: \u201eDie einen trauen sich nicht mehr auf die Stra\u00dfe, in der berechtigten Sorge, schwer an Corona zu erkranken. Andere verweigern die Impfung und nehmen nicht nur das Risiko in Kauf, selbst zu erkranken. Den eigentlichen Schaden f\u00fcgen Sie damit den Schw\u00e4chsten zu.\u201c \u00a0<\/p>\n<p>Mehr als 100.000 Menschen seien bereits in Zusammenhang mit einer Coronainfektion gestorben und hinzu k\u00e4men die Unz\u00e4hligen, die ihr Leben verloren haben, weil ihnen aufgrund der \u00dcberlastung des Gesundheitssystems keine ad\u00e4quate Behandlung zuteilwurde. \u201eMenschen, die versuchen, in den Kliniken Leben zu retten, und unsere Seelsorgerinnen und Seelsorger, die Trost und Hoffnung spenden sollten, sind ersch\u00f6pft; sie k\u00f6nnen nicht mehr. Auch sie sind Opfer der Pandemie, ebenso wie die Menschen, die vor dem wirtschaftlichen Ruin stehen, die Kinder, denen die Unvern\u00fcnftigen und Uneinsichtigen eine unbeschwerte Kindheit rauben, und die alten Menschen, denen sie die letzten Jahre nehmen. Und ebenso die Menschen, die in L\u00e4ndern leben, die keinen Zugang zu Impfstoffen haben\u201c, sagte Bischof Dr. F\u00fcrst.<\/p>\n<p>\u201eAls Christen k\u00f6nnen wir nicht tatenlos zusehen. Querdenkern kann unser \u201aHosanna\u2018 nicht gelten. Gibt es ein besseres Argument f\u00fcr Achtsamkeit und die Impfung als die Liebe zu unseren Mitmenschen?\u201c, hielt er fest und fuhr fort: \u201eEgoismen haben im Reich des sanftm\u00fctigen K\u00f6nigs Jesus Christus keinen Platz! Denn das egoistische Nein ist letztendlich ein Nein gegen das Leben! \u00d6ffnen wir dem K\u00f6nig, der unsere Gerechtigkeit ist, der mit jedem Kranken mitleidet, die Herzen. Leben und handeln wir so, auch gerade in der Pandemie, damit m\u00f6glichst alle Menschen eine hoffnungsvolle Zukunft haben. Dann wird Gottes Reich Wirklichkeit!\u201c<\/p>\n<p>Landesbischof Dr. h.c. Frank Otfried July erinnerte daran, dass die Adventszeit \u00d6ffnung bedeute: \u201eWir \u00f6ffnen im Advent die T\u00fcren f\u00fcr den Weg zum Christfest. Wir \u00f6ffnen im Advent neue Perspektiven und z\u00fcnden Lichter an. Wegweisung ist das gerade in diesen Zeiten\u201c, in denen viele \u00e4u\u00dfere T\u00fcren wieder geschlossen w\u00fcrden und f\u00fcr viele Menschen die Perspektiven wieder enger und bedrohlicher w\u00fcrden. Advent 2021 sei eine Zeit der neuen Orientierung, \u201eauf Jesus Christus, der unseren Blick weitet und uns am Christfest Weite und neue Freiheit schenkt.\u201c<\/p>\n<p>\u00a0<\/p>\n<p>Oliver Hoesch<br \/>Sprecher der Landeskirche<\/p>\n<p>\u00a0<\/p>\n<p><strong>Hinweis:\u00a0<\/strong>Diese Medieninformation wird zeitgleich von den Pressestellen der Evangelischen Landeskirche in W\u00fcrttemberg und der Di\u00f6zese Rottenburg-Stuttgart versendet.<\/p>\n<\/div>\n","protected":false},"excerpt":{"rendered":"<p>\u201eAls Christen k\u00f6nnen wir nicht tatenlos zusehen\u201c \u00d6kumenischer Advents-Er\u00f6ffnungsgottesdienst mit Bischof Dr. Gebhard F\u00fcrst und Landesbischof Dr. h. c. Frank<\/p>\n","protected":false},"author":1,"featured_media":0,"comment_status":"closed","ping_status":"closed","sticky":false,"template":"","format":"standard","meta":{"footnotes":""},"categories":[21],"tags":[],"_links":{"self":[{"href":"https:\/\/krankenhauspfarramt.de\/index.php\/wp-json\/wp\/v2\/posts\/3963"}],"collection":[{"href":"https:\/\/krankenhauspfarramt.de\/index.php\/wp-json\/wp\/v2\/posts"}],"about":[{"href":"https:\/\/krankenhauspfarramt.de\/index.php\/wp-json\/wp\/v2\/types\/post"}],"author":[{"embeddable":true,"href":"https:\/\/krankenhauspfarramt.de\/index.php\/wp-json\/wp\/v2\/users\/1"}],"replies":[{"embeddable":true,"href":"https:\/\/krankenhauspfarramt.de\/index.php\/wp-json\/wp\/v2\/comments?post=3963"}],"version-history":[{"count":0,"href":"https:\/\/krankenhauspfarramt.de\/index.php\/wp-json\/wp\/v2\/posts\/3963\/revisions"}],"wp:attachment":[{"href":"https:\/\/krankenhauspfarramt.de\/index.php\/wp-json\/wp\/v2\/media?parent=3963"}],"wp:term":[{"taxonomy":"category","embeddable":true,"href":"https:\/\/krankenhauspfarramt.de\/index.php\/wp-json\/wp\/v2\/categories?post=3963"},{"taxonomy":"post_tag","embeddable":true,"href":"https:\/\/krankenhauspfarramt.de\/index.php\/wp-json\/wp\/v2\/tags?post=3963"}],"curies":[{"name":"wp","href":"https:\/\/api.w.org\/{rel}","templated":true}]}}