{"id":3964,"date":"2021-11-29T17:11:29","date_gmt":"2021-11-29T17:11:29","guid":{"rendered":"https:\/\/krankenhauspfarramt.de\/index.php\/2021\/11\/29\/neue-gesichter-beim-wort-zum-sonntag-ekd\/"},"modified":"2021-11-29T17:11:31","modified_gmt":"2021-11-29T17:11:31","slug":"neue-gesichter-beim-wort-zum-sonntag-ekd","status":"publish","type":"post","link":"https:\/\/krankenhauspfarramt.de\/index.php\/2021\/11\/29\/neue-gesichter-beim-wort-zum-sonntag-ekd\/","title":{"rendered":"Neue Gesichter beim &#8222;Wort zum Sonntag&#8220; \u2013 EKD"},"content":{"rendered":"<p> <br \/>\n<\/p>\n<div>\n<p>M\u00fcnchen (epd). Zum Jahreswechsel bekommt \u201eDas Wort zum Sonntag\u201c drei neue Sprecher. Alexander H\u00f6ner werde am 8. Januar zum ersten Mal in einer Folge der christlichen Sendereihe der ARD auftreten, teilte Das Erste am Montag in M\u00fcnchen mit. Der evangelische Pfarrer aus Tempelhof-Sch\u00f6neberg in Berlin l\u00f6st den Bochumer Pastor Christian Rommert ab, der nach sechs Jahren am 4. Dezember 2021 das letzte Mal in der Sendung sprechen wird.<\/p>\n<\/p><\/div>\n<div id=\"\">\n<p>Neu im Team ist zudem Anke Prumbaum aus Moers. Ihren ersten Auftritt beim \u201eWort zum Sonntag\u201c wird sie den Angaben nach am 22. Januar haben und somit ihre Vorg\u00e4ngerin Ilka Sobottke abl\u00f6sen. Diese wird nach drei Jahren am 11. Dezember letztmalig in der Sendung sprechen.<\/p>\n<p>Das dritte neue Gesicht wird Julia Enxing, die den Lehrstuhl f\u00fcr Systematische Theologie am Institut f\u00fcr Katholische Theologie an der Technischen Universit\u00e4t Dresden innehat. Am 29. Januar wird sie ihr erstes \u201eWort zum Sonntag\u201c sprechen. Ihr Vorg\u00e4nger ist der Pfarrer Gereon Alter, der seit 2010 zu den Sprecherinnen und Sprechern geh\u00f6rte und bereits am 30. Oktober dieses Jahres seinen finalen Auftritt hatte.<\/p>\n<p>Zum achtk\u00f6pfigen und von katholischer und evangelischer Seite parit\u00e4tisch besetzten \u201eWort zum Sonntag\u201c-Team geh\u00f6ren bereits Wolfgang Beck aus Hildesheim, Lissy Eichert aus Berlin, Benedikt Welter aus Saarbr\u00fccken sowie Stefanie Schardien aus F\u00fcrth und Annette Behnken aus Loccum.<\/p>\n<p>\u201eDas Wort zum Sonntag\u201c ist die zweit\u00e4lteste Sendung im deutschen Fernsehen und wurde erstmals am 8. Mai 1954 ausgestrahlt. Das viermin\u00fctige Format l\u00e4uft am Samstagabend zwischen den \u201eTagesthemen\u201c und dem Spielfilm in der ARD.<\/p>\n<hr\/>\n<p>Zur Pressmitteilung der EKD<br \/>\u00a0<\/p>\n<\/div>\n","protected":false},"excerpt":{"rendered":"<p>M\u00fcnchen (epd). Zum Jahreswechsel bekommt \u201eDas Wort zum Sonntag\u201c drei neue Sprecher. Alexander H\u00f6ner werde am 8. Januar zum ersten<\/p>\n","protected":false},"author":1,"featured_media":3961,"comment_status":"closed","ping_status":"closed","sticky":false,"template":"","format":"standard","meta":{"footnotes":""},"categories":[20],"tags":[],"_links":{"self":[{"href":"https:\/\/krankenhauspfarramt.de\/index.php\/wp-json\/wp\/v2\/posts\/3964"}],"collection":[{"href":"https:\/\/krankenhauspfarramt.de\/index.php\/wp-json\/wp\/v2\/posts"}],"about":[{"href":"https:\/\/krankenhauspfarramt.de\/index.php\/wp-json\/wp\/v2\/types\/post"}],"author":[{"embeddable":true,"href":"https:\/\/krankenhauspfarramt.de\/index.php\/wp-json\/wp\/v2\/users\/1"}],"replies":[{"embeddable":true,"href":"https:\/\/krankenhauspfarramt.de\/index.php\/wp-json\/wp\/v2\/comments?post=3964"}],"version-history":[{"count":1,"href":"https:\/\/krankenhauspfarramt.de\/index.php\/wp-json\/wp\/v2\/posts\/3964\/revisions"}],"predecessor-version":[{"id":3965,"href":"https:\/\/krankenhauspfarramt.de\/index.php\/wp-json\/wp\/v2\/posts\/3964\/revisions\/3965"}],"wp:featuredmedia":[{"embeddable":true,"href":"https:\/\/krankenhauspfarramt.de\/index.php\/wp-json\/wp\/v2\/media\/3961"}],"wp:attachment":[{"href":"https:\/\/krankenhauspfarramt.de\/index.php\/wp-json\/wp\/v2\/media?parent=3964"}],"wp:term":[{"taxonomy":"category","embeddable":true,"href":"https:\/\/krankenhauspfarramt.de\/index.php\/wp-json\/wp\/v2\/categories?post=3964"},{"taxonomy":"post_tag","embeddable":true,"href":"https:\/\/krankenhauspfarramt.de\/index.php\/wp-json\/wp\/v2\/tags?post=3964"}],"curies":[{"name":"wp","href":"https:\/\/api.w.org\/{rel}","templated":true}]}}