{"id":3966,"date":"2021-11-29T21:12:36","date_gmt":"2021-11-29T21:12:36","guid":{"rendered":"https:\/\/krankenhauspfarramt.de\/index.php\/2021\/11\/29\/corona-regeln-nicht-zur-glaubenssache-machen-ekd\/"},"modified":"2021-11-29T21:12:38","modified_gmt":"2021-11-29T21:12:38","slug":"corona-regeln-nicht-zur-glaubenssache-machen-ekd","status":"publish","type":"post","link":"https:\/\/krankenhauspfarramt.de\/index.php\/2021\/11\/29\/corona-regeln-nicht-zur-glaubenssache-machen-ekd\/","title":{"rendered":"Corona-Regeln nicht zur Glaubenssache machen \u2013 EKD"},"content":{"rendered":"<p> <br \/>\n<\/p>\n<div id=\"\">\n<p>Dann k\u00f6nnten auch Ungeimpfte mitfeiern, so Claussen: \u201eVielleicht brauchen sie es ganz besonders.\u201c Allerdings werde es einige Kirchengemeinden geben, die auf 2G bestehen m\u00fcssen, weil bei ihnen die baulichen Gegebenheiten es erfordern. Zum Gl\u00fcck gebe es viele Alternativen: die Nachbargemeinde, Fernseh- oder Youtube-Gottesdienste.<\/p>\n<p>Die Kirchengemeinden seien gut vorbereitet, f\u00fcgte Claussen hinzu: \u201eDie Kirchengemeinden haben inzwischen jeweils f\u00fcr sie passende Sicherheitskonzepte entworfen und einge\u00fcbt. Viele Ehrenamtliche haben dabei mitgewirkt und praktisch Verantwortung \u00fcbernommen.\u201c Deshalb bestehe keine Notwendigkeit, \u201eaus dieser oder jener Corona-Regel eine Glaubenssache zu machen\u201c, sagte der Theologe.<\/p>\n<p>Anders sei es bei den Advents- und Weihnachtskonzerten: \u201eHier wird wohl durchg\u00e4ngig 2G gelten, denn sonst k\u00f6nnte man nicht ausreichend Menschen hineinlassen und die Anzahl an Eintrittskarten verkaufen, mit denen diese Konzerte finanziert werden.\u201c Es sei deshalb auch im Sinne der Musikerinnen und Musiker, dass nur Genesene und Geimpfte Einlass finden. Bei kleineren Gemeindeveranstaltungen und Gespr\u00e4chskreisen werde es \u00e4hnlich sein. Alle sollten sich sicher f\u00fchlen k\u00f6nnen.<\/p>\n<p>Man k\u00f6nne immer noch einiges lernen von der Art, wie Reformatoren vor 500 Jahren mit der Pandemie ihrer Zeit, der Pest, umgegangen sind, schreibt Claussen: \u201eSie haben dazu aufgerufen, nicht Wundergestalten anzubeten oder nach Wundermitteln zu suchen, sondern auf die \u00c4rzte und die Wissenschaft zu h\u00f6ren. Sie haben eindringlich daf\u00fcr geworben, die sinnvollen Anordnungen der Obrigkeit zu befolgen und die Quarant\u00e4neregeln einzuhalten.\u201c<\/p>\n<p>Ihnen sei zudem wichtig gewesen, dass die Kranken und Sterbenden nicht alleingelassen werden, \u201edeshalb sollten \u00c4rzte und Pfarrer vor Ort bleiben\u201c, betonte Claussen: \u201eVon Verschw\u00f6rungsmythen und anderem aggressiven Aberglauben hielten sie nichts, deshalb predigten sie Gottvertrauen und Christusfr\u00f6mmigkeit. Und schlie\u00dflich warben sie f\u00fcr Besonnenheit.\u201c<br \/>\u00a0<\/p>\n<\/div>\n","protected":false},"excerpt":{"rendered":"<p>Dann k\u00f6nnten auch Ungeimpfte mitfeiern, so Claussen: \u201eVielleicht brauchen sie es ganz besonders.\u201c Allerdings werde es einige Kirchengemeinden geben, die<\/p>\n","protected":false},"author":1,"featured_media":1220,"comment_status":"closed","ping_status":"closed","sticky":false,"template":"","format":"standard","meta":{"footnotes":""},"categories":[20],"tags":[],"_links":{"self":[{"href":"https:\/\/krankenhauspfarramt.de\/index.php\/wp-json\/wp\/v2\/posts\/3966"}],"collection":[{"href":"https:\/\/krankenhauspfarramt.de\/index.php\/wp-json\/wp\/v2\/posts"}],"about":[{"href":"https:\/\/krankenhauspfarramt.de\/index.php\/wp-json\/wp\/v2\/types\/post"}],"author":[{"embeddable":true,"href":"https:\/\/krankenhauspfarramt.de\/index.php\/wp-json\/wp\/v2\/users\/1"}],"replies":[{"embeddable":true,"href":"https:\/\/krankenhauspfarramt.de\/index.php\/wp-json\/wp\/v2\/comments?post=3966"}],"version-history":[{"count":1,"href":"https:\/\/krankenhauspfarramt.de\/index.php\/wp-json\/wp\/v2\/posts\/3966\/revisions"}],"predecessor-version":[{"id":3967,"href":"https:\/\/krankenhauspfarramt.de\/index.php\/wp-json\/wp\/v2\/posts\/3966\/revisions\/3967"}],"wp:featuredmedia":[{"embeddable":true,"href":"https:\/\/krankenhauspfarramt.de\/index.php\/wp-json\/wp\/v2\/media\/1220"}],"wp:attachment":[{"href":"https:\/\/krankenhauspfarramt.de\/index.php\/wp-json\/wp\/v2\/media?parent=3966"}],"wp:term":[{"taxonomy":"category","embeddable":true,"href":"https:\/\/krankenhauspfarramt.de\/index.php\/wp-json\/wp\/v2\/categories?post=3966"},{"taxonomy":"post_tag","embeddable":true,"href":"https:\/\/krankenhauspfarramt.de\/index.php\/wp-json\/wp\/v2\/tags?post=3966"}],"curies":[{"name":"wp","href":"https:\/\/api.w.org\/{rel}","templated":true}]}}