{"id":3995,"date":"2021-12-09T17:34:40","date_gmt":"2021-12-09T17:34:40","guid":{"rendered":"https:\/\/krankenhauspfarramt.de\/index.php\/2021\/12\/09\/plakat-erinnert-an-luthers-bibeluebersetzung-vor-500-jahren-ekd\/"},"modified":"2021-12-09T17:34:42","modified_gmt":"2021-12-09T17:34:42","slug":"plakat-erinnert-an-luthers-bibeluebersetzung-vor-500-jahren-ekd","status":"publish","type":"post","link":"https:\/\/krankenhauspfarramt.de\/index.php\/2021\/12\/09\/plakat-erinnert-an-luthers-bibeluebersetzung-vor-500-jahren-ekd\/","title":{"rendered":"Plakat erinnert an Luthers Bibel\u00fcbersetzung vor 500 Jahren \u2013 EKD"},"content":{"rendered":"<p> <br \/>\n<\/p>\n<div>\n<p>J\u00fcngste Forschungen h\u00e4tten gezeigt, dass Martin Luther am 18. Dezember 1521 auf der Wartburg mit der \u00dcbertragung des Neuen Testaments vor allem aus den Griechischen ins Deutsche begonnen habe, erl\u00e4uterte der wissenschaftliche Leiter des Eisenacher Lutherhauses, Jochen Birkenmeier. Die in knapp elf Wochen vollendete \u00dcbertragung, die zur Grundlage der Schriftsprache der Deutschen geriet, h\u00e4tte ein eigenes Reformationsjubil\u00e4um verdient, sagte der Kulturbeauftragte der Evangelischen Kirche in Deutschland (EKD), Johann Hinrich Claussen.<\/p>\n<p>Allerdings ginge das nicht in Corona-Zeiten. Statt einer App oder eines Buches stehe das Plakat in der \u201eurreformatorischen\u201c Tradition einer Flugschrift. Die Texte und Grafiken inklusive der R\u00fcckseite verwiesen zudem auf moderne Angebotsformen im Internet.<\/p>\n<p>Am Projekt beteiligt sind auch die Deutsche Bibelgesellschaft in Stuttgart, die Stiftung Luthergedenkst\u00e4tten in Sachsen-Anhalt, die Internationale Martin Luther Stiftung sowie die mitteldeutsche Kirchenzeitung \u201eGlaube+Heimat\u201c.<\/p>\n<\/p><\/div>\n","protected":false},"excerpt":{"rendered":"<p>J\u00fcngste Forschungen h\u00e4tten gezeigt, dass Martin Luther am 18. Dezember 1521 auf der Wartburg mit der \u00dcbertragung des Neuen Testaments<\/p>\n","protected":false},"author":1,"featured_media":3996,"comment_status":"closed","ping_status":"closed","sticky":false,"template":"","format":"standard","meta":{"footnotes":""},"categories":[20],"tags":[],"_links":{"self":[{"href":"https:\/\/krankenhauspfarramt.de\/index.php\/wp-json\/wp\/v2\/posts\/3995"}],"collection":[{"href":"https:\/\/krankenhauspfarramt.de\/index.php\/wp-json\/wp\/v2\/posts"}],"about":[{"href":"https:\/\/krankenhauspfarramt.de\/index.php\/wp-json\/wp\/v2\/types\/post"}],"author":[{"embeddable":true,"href":"https:\/\/krankenhauspfarramt.de\/index.php\/wp-json\/wp\/v2\/users\/1"}],"replies":[{"embeddable":true,"href":"https:\/\/krankenhauspfarramt.de\/index.php\/wp-json\/wp\/v2\/comments?post=3995"}],"version-history":[{"count":1,"href":"https:\/\/krankenhauspfarramt.de\/index.php\/wp-json\/wp\/v2\/posts\/3995\/revisions"}],"predecessor-version":[{"id":3997,"href":"https:\/\/krankenhauspfarramt.de\/index.php\/wp-json\/wp\/v2\/posts\/3995\/revisions\/3997"}],"wp:featuredmedia":[{"embeddable":true,"href":"https:\/\/krankenhauspfarramt.de\/index.php\/wp-json\/wp\/v2\/media\/3996"}],"wp:attachment":[{"href":"https:\/\/krankenhauspfarramt.de\/index.php\/wp-json\/wp\/v2\/media?parent=3995"}],"wp:term":[{"taxonomy":"category","embeddable":true,"href":"https:\/\/krankenhauspfarramt.de\/index.php\/wp-json\/wp\/v2\/categories?post=3995"},{"taxonomy":"post_tag","embeddable":true,"href":"https:\/\/krankenhauspfarramt.de\/index.php\/wp-json\/wp\/v2\/tags?post=3995"}],"curies":[{"name":"wp","href":"https:\/\/api.w.org\/{rel}","templated":true}]}}