{"id":3998,"date":"2021-12-10T10:13:55","date_gmt":"2021-12-10T10:13:55","guid":{"rendered":"https:\/\/krankenhauspfarramt.de\/index.php\/2021\/12\/10\/die-zukunft-unserer-kinder-entscheidet-sich-jetzt-ekd\/"},"modified":"2021-12-10T10:14:00","modified_gmt":"2021-12-10T10:14:00","slug":"die-zukunft-unserer-kinder-entscheidet-sich-jetzt-ekd","status":"publish","type":"post","link":"https:\/\/krankenhauspfarramt.de\/index.php\/2021\/12\/10\/die-zukunft-unserer-kinder-entscheidet-sich-jetzt-ekd\/","title":{"rendered":"Die Zukunft unserer Kinder entscheidet sich jetzt \u2013 EKD"},"content":{"rendered":"<p> <br \/>\n<\/p>\n<div id=\"\">\n<div class=\"article--meta article--meta__border clearfix\">\n<p>                                    <time datetime=\"10.12.2021 09:00\" class=\"article--time\">10.12.2021<\/time><strong class=\"article--type primus--overline\">Pressemitteilung<\/strong><\/p>\n<picture class=\"article--source-image image\"><source srcset=\"https:\/\/www.ekd.de\/ekd_de\/ds_img\/assets\/20170622_ekd-Quellenlogo_141_rdax_423x118.png\"><!--<source srcset=\"\/ekd_de\/ds_img\/assets\/20170622_ekd-Quellenlogo_141_rdax_141x39.png 1x, \/ekd_de\/ds_img\/assets\/20170622_ekd-Quellenlogo_141_rdax_282x78.png 2x, https:\/\/www.ekd.de\/ekd_de\/ds_img\/assets\/20170622_ekd-Quellenlogo_141_rdax_423x118.png 3x\">--><\/source><\/picture>\n<\/p><\/div>\n<h2 class=\"article--sub-headline primus--sub-headline\">EKD-Auslandsbisch\u00f6fin Bosse-Huber erinnert am Tag der Menschenrechte an Bedeutung der Kinderrechte<\/h2>\n<\/p><\/div>\n<div id=\"\">\n<p>Zum heutigen Tag der Menschenrechte (10. Dezember) erinnert die Evangelische Kirche in Deutschland (EKD) an die Bedeutung der Kinderrechte. \u201eNicht nur weltweit, auch in Deutschland gibt es erhebliche Vers\u00e4umnisse. Der UN-Kinderrechtsausschuss hat wiederholt festgestellt, dass es in Deutschland an ernsthaftem politischem Bem\u00fchen fehle, die Kinderrechte umzusetzen\u201c, sagt EKD-Auslandsbisch\u00f6fin Petra Bosse-Huber. Die neue Bundesregierung m\u00fcsse mehr tun, die Rechte junger Menschen zu achten \u2013 gerade jetzt in der Corona-Pandemie.\u00a0<\/p>\n<p>\u201eSeit mehr als 30 Jahren garantiert die UN-Kinderrechtskonvention die Rechte des Kindes. Doch f\u00fcr unz\u00e4hlige Kinder weltweit ist die Kindheit eine harte Zeit. Sie k\u00f6nnen nicht unbeschwert aufwachsen, sondern werden gedem\u00fctigt, ausgebeutet, misshandelt\u201c, so Bosse-Huber und f\u00fcgt hinzu: \u201eAls Christen sind wir \u00fcberzeugt, dass die unverbr\u00fcchliche Menschenw\u00fcrde, die Gott uns allen schenkt, uns in den Kleinsten begegnet. Gott selbst erwartet verantwortungsvolles Handeln von Erwachsenen, wenn er Kinder in die Mitte stellt. Gott selbst kam als Kind in die Welt: als ein Himmelszeichen daf\u00fcr, wie wichtig es ist, auf das Schutzbed\u00fcrftige Acht zu haben. Auch daran erinnert Weihnachten.\u201c<\/p>\n<p>Angesichts der anhaltenden Corona-Pandemie sei dies umso wichtiger. \u201eBereits vorhandene Probleme wie h\u00e4usliche Enge, psychische Belastungen, Gewalt in der Familie, aber auch Bildungsungerechtigkeit und fehlende Teilhabechancen versch\u00e4rfen sich drastisch in diesen Monaten der Pandemie. Mehr denn je gilt daher jetzt, dass die neue Bundesregierung Kindern und Jugendlichen zu ihrem Recht verhelfen, sie sch\u00fctzen und stark machen muss\u201c, mahnt Bosse-Huber.\u00a0<\/p>\n<p>Dabei gehe es laut Auslandsbisch\u00f6fin Bosse-Huber nicht zuletzt um die Beteiligung von Kindern bei politischen Entscheidungen: \u201eKinder haben ein Recht auf Beteiligung in allen Fragen, die sie betreffen. Es darf nicht sein, dass weiter einschneidende Einschr\u00e4nkungen \u00fcber ihre K\u00f6pfe hinweg getroffen werden. Das betrifft Schule und Freizeitm\u00f6glichkeiten, vor allem aber den Kontakt zu anderen Kindern, zu Freundinnen und Freunden. Kinder brauchen Kinder.\u201c Auch wenn die Bundesregierung zus\u00e4tzliche Ma\u00dfnahmen f\u00fcr junge Menschen plane, um die Auswirkungen der Pandemie aufzufangen, sollten Kinder und ihre Familien unbedingt einbezogen werden, so Bosse-Huber, und f\u00fcgt hinzu: \u201eDie Beteiligung von jungen Menschen und ihre F\u00f6rderung ist nicht nur Aufgabe der Politik. Die Zukunft unserer Kinder zu sichern ist eine gemeinsame Aufgabe f\u00fcr alle in der Gesellschaft. Diese Zukunft entscheidet sich jetzt \u2013 an dem, was Kindern und jungen Menschen heute erm\u00f6glicht wird, oder auch nicht. Denn es pr\u00e4gt sie ein Leben lang.\u201c<\/p>\n<p>Hannover, 10. Dezember 2021<\/p>\n<p>Pressestelle der EKD<br \/>Annika Lukas<br \/>\u00a0<\/p>\n<\/div>\n","protected":false},"excerpt":{"rendered":"<p>10.12.2021Pressemitteilung EKD-Auslandsbisch\u00f6fin Bosse-Huber erinnert am Tag der Menschenrechte an Bedeutung der Kinderrechte Zum heutigen Tag der Menschenrechte (10. Dezember) erinnert<\/p>\n","protected":false},"author":1,"featured_media":3999,"comment_status":"closed","ping_status":"closed","sticky":false,"template":"","format":"standard","meta":{"footnotes":""},"categories":[20],"tags":[],"_links":{"self":[{"href":"https:\/\/krankenhauspfarramt.de\/index.php\/wp-json\/wp\/v2\/posts\/3998"}],"collection":[{"href":"https:\/\/krankenhauspfarramt.de\/index.php\/wp-json\/wp\/v2\/posts"}],"about":[{"href":"https:\/\/krankenhauspfarramt.de\/index.php\/wp-json\/wp\/v2\/types\/post"}],"author":[{"embeddable":true,"href":"https:\/\/krankenhauspfarramt.de\/index.php\/wp-json\/wp\/v2\/users\/1"}],"replies":[{"embeddable":true,"href":"https:\/\/krankenhauspfarramt.de\/index.php\/wp-json\/wp\/v2\/comments?post=3998"}],"version-history":[{"count":1,"href":"https:\/\/krankenhauspfarramt.de\/index.php\/wp-json\/wp\/v2\/posts\/3998\/revisions"}],"predecessor-version":[{"id":4000,"href":"https:\/\/krankenhauspfarramt.de\/index.php\/wp-json\/wp\/v2\/posts\/3998\/revisions\/4000"}],"wp:featuredmedia":[{"embeddable":true,"href":"https:\/\/krankenhauspfarramt.de\/index.php\/wp-json\/wp\/v2\/media\/3999"}],"wp:attachment":[{"href":"https:\/\/krankenhauspfarramt.de\/index.php\/wp-json\/wp\/v2\/media?parent=3998"}],"wp:term":[{"taxonomy":"category","embeddable":true,"href":"https:\/\/krankenhauspfarramt.de\/index.php\/wp-json\/wp\/v2\/categories?post=3998"},{"taxonomy":"post_tag","embeddable":true,"href":"https:\/\/krankenhauspfarramt.de\/index.php\/wp-json\/wp\/v2\/tags?post=3998"}],"curies":[{"name":"wp","href":"https:\/\/api.w.org\/{rel}","templated":true}]}}