{"id":4001,"date":"2021-12-10T14:17:41","date_gmt":"2021-12-10T14:17:41","guid":{"rendered":"https:\/\/krankenhauspfarramt.de\/index.php\/2021\/12\/10\/grosse-anzahl-an-katholischen-und-evangelischen-gottesdiensten-in-fernsehen-und-hoerfunk-wird-auch-in-diesem-jahr-die-weihnachtsbotschaft-vermitteln\/"},"modified":"2021-12-10T14:17:46","modified_gmt":"2021-12-10T14:17:46","slug":"grosse-anzahl-an-katholischen-und-evangelischen-gottesdiensten-in-fernsehen-und-hoerfunk-wird-auch-in-diesem-jahr-die-weihnachtsbotschaft-vermitteln","status":"publish","type":"post","link":"https:\/\/krankenhauspfarramt.de\/index.php\/2021\/12\/10\/grosse-anzahl-an-katholischen-und-evangelischen-gottesdiensten-in-fernsehen-und-hoerfunk-wird-auch-in-diesem-jahr-die-weihnachtsbotschaft-vermitteln\/","title":{"rendered":"Gro\u00dfe Anzahl an katholischen und evangelischen Gottesdiensten in Fernsehen und H\u00f6rfunk wird auch in diesem Jahr die Weihnachtsbotschaft vermitteln"},"content":{"rendered":"<p> <br \/>\n<\/p>\n<div id=\"\">\n<div class=\"article--meta article--meta__border clearfix\">\n<p>                                    <time datetime=\"10.12.2021 10:00\" class=\"article--time\">10.12.2021<\/time><strong class=\"article--type primus--overline\">Pressemitteilung<\/strong><\/p>\n<picture class=\"article--source-image image\"><source srcset=\"https:\/\/www.ekd.de\/ekd_de\/ds_img\/assets\/20170622_ekd-Quellenlogo_141_rdax_423x118.png\"><!--<source srcset=\"\/ekd_de\/ds_img\/assets\/20170622_ekd-Quellenlogo_141_rdax_141x39.png 1x, \/ekd_de\/ds_img\/assets\/20170622_ekd-Quellenlogo_141_rdax_282x78.png 2x, https:\/\/www.ekd.de\/ekd_de\/ds_img\/assets\/20170622_ekd-Quellenlogo_141_rdax_423x118.png 3x\">--><\/source><\/picture>\n<\/p><\/div>\n<h2 class=\"article--sub-headline primus--sub-headline\">\u00dcbersicht auf evangelisch.de und kirche.tv<\/h2>\n<\/p><\/div>\n<div id=\"\">\n<p>ARD und ZDF werden auch an diesen Weihnachtstagen zahlreiche katholische und evangelische Gottesdienste sowie kirchliche Sendungen im Fernsehen und H\u00f6rfunk \u00fcbertragen. Gerade in einer Zeit, in der sich viele Menschen Zuspruch und Hoffnung w\u00fcnschen, die Pandemie und Hygienevorschriften aber einen Gottesdienstbesuch in einer Kirche erschweren, bekommen die Gottesdienst-\u00dcbertragungen in Radio und Fernsehen eine herausgehobene Bedeutung. Auch an diesem Weihnachtsfest muss niemand auf eine Christvesper verzichten.<\/p>\n<p>Kirchenpr\u00e4sident Volker Jung (Hessen und Nassau), Medienbischof der Evangelischen Kirche in Deutschland (EKD) betont: \u201eIn der Zeit der Corona-Pandemie sind die Gottesdienste im Fernsehen und im H\u00f6rfunk f\u00fcr viele Menschen zur geistlichen Heimat geworden. Sie verbinden Menschen miteinander, die r\u00e4umlich getrennt sind, und sie geben Halt und Orientierung in schwieriger Zeit. Auch dieses Weihnachtsfest wird wieder mit Einschr\u00e4nkungen verbunden sein. Deshalb sind die Gottesdienst-\u00dcbertragungen besonders wichtig. Ich bin sehr dankbar, dass die Sender ihr Angebot an dieser Stelle ausgeweitet haben. Sie helfen damit vielen Menschen, Weihnachten zu feiern.\u201c\u00a0<\/p>\n<p>\u201eLeider tr\u00fcbt die Corona-Pandemie die Freude auf das Weihnachtsfest auch in diesem Jahr. Den Sendern und den kirchlich Aktiven bin ich daher besonders dankbar, dass sie mit gro\u00dfem Einsatz Gottesdienst-\u00dcbertragungen in den Medien erm\u00f6glichen. Gerade am Weihnachtsfest sind sie ein Zeichen der Hoffnung und Zuversicht. Durch die Gottesdienst-\u00dcbertragungen erleben Millionen von Menschen Gemeinschaft und Geborgenheit im Glauben\u201c, sagt Kardinal Reinhard Marx (M\u00fcnchen-Freising), Vorsitzender der Publizistischen Kommission der katholischen Deutschen Bischofskonferenz.<\/p>\n<p>Kinder und Familien werden sich an Heiligabend um 12.45 Uhr und 20.40 Uhr besonders an dem Kurzfilm \u201ePaule und das Krippenspiel\u201c im KiKA erfreuen. Am Heiligen Abend l\u00e4dt bereits um 15.00 Uhr eine \u00f6kumenische Weihnachtsandacht im rbb Fernsehen zu einer besinnlichen Feier ein. Um 16.15 Uhr senden Das Erste\/ARD und um 19.15 Uhr das ZDF eine evangelische Christvesper. Um 18.30 Uhr \u00fcbertr\u00e4gt Das Erste\/ARD eine katholische Christmette und der Bayerische Rundfunk (BR) um 19.30 Uhr die Christmette aus Rom mit Papst Franziskus.\u00a0<\/p>\n<p>Am ersten Weihnachtstag \u00fcbertr\u00e4gt der Bayerische Rundfunk um 10 Uhr einen evangelischen Fernsehgottesdienst und das ZDF um 10.45 Uhr einen katholischen Gottesdienst. Im Anschluss folgt um 12.00 Uhr aus Rom die \u00dcbertragung des Segens \u201eUrbi et Orbi\u201c mit Papst Franziskus im ZDF.\u00a0<\/p>\n<p>Am zweiten Weihnachtstag \u00fcbertr\u00e4gt das ZDF um 9.50 Uhr einen evangelischen Gottesdienst aus Ingelheim.\u00a0<\/p>\n<p>Dar\u00fcber hinaus werden zahlreiche Gottesdienste vom Deutschlandfunk und den H\u00f6rfunksendern der ARD an den Feiertagen gesendet.\u00a0<\/p>\n<p>Das gesamte Angebot in der Advents- und Weihnachtszeit \u2013 inklusive H\u00f6rfunkgottesdienste \u2013 findet sich auf folgenden Internetseiten:<\/p>\n<p>Evangelische Gottesdienste:\u00a0<br \/>https:\/\/www.evangelisch.de\/gottesdienste<\/p>\n<p>Katholische Gottesdienste (inkl. Streaming-Angebote):<br \/>https:\/\/fernsehen.katholisch.de\/fernsehgottesdienste\/advents-und-weihnachtszeit2021<\/p>\n<p>Hinweis f\u00fcr Menschen mit H\u00f6rsch\u00e4digung: Bei ZDF-Gottesdiensten werden Untertitel und regelm\u00e4\u00dfig eine \u00dcbersetzung in Geb\u00e4rdensprache angeboten (vgl. barrierefreiheit.zdf.de). Ebenso werden bei Gottesdienst\u00fcbertragungen durch die Sender der ARD in aller Regel Untertitel bereitgestellt. Unter folgendem Link finden sich die aktuellen \u00dcbertragungen, auch mit Hinweisen auf Untertitel: gottesdienste.ard.de.<\/p>\n<p>Weitere Informationen und Angebote zu Weihnachten finden Sie auf der Seite www.weihnachtsgottesdienste.de.<\/p>\n<p>Hannover, 10. Dezember 2021<\/p>\n<p>Pressestelle der EKD<br \/>Carsten Splitt<br \/>\u00a0<\/p>\n<\/div>\n","protected":false},"excerpt":{"rendered":"<p>10.12.2021Pressemitteilung \u00dcbersicht auf evangelisch.de und kirche.tv ARD und ZDF werden auch an diesen Weihnachtstagen zahlreiche katholische und evangelische Gottesdienste sowie<\/p>\n","protected":false},"author":1,"featured_media":4002,"comment_status":"closed","ping_status":"closed","sticky":false,"template":"","format":"standard","meta":{"footnotes":""},"categories":[20],"tags":[],"_links":{"self":[{"href":"https:\/\/krankenhauspfarramt.de\/index.php\/wp-json\/wp\/v2\/posts\/4001"}],"collection":[{"href":"https:\/\/krankenhauspfarramt.de\/index.php\/wp-json\/wp\/v2\/posts"}],"about":[{"href":"https:\/\/krankenhauspfarramt.de\/index.php\/wp-json\/wp\/v2\/types\/post"}],"author":[{"embeddable":true,"href":"https:\/\/krankenhauspfarramt.de\/index.php\/wp-json\/wp\/v2\/users\/1"}],"replies":[{"embeddable":true,"href":"https:\/\/krankenhauspfarramt.de\/index.php\/wp-json\/wp\/v2\/comments?post=4001"}],"version-history":[{"count":1,"href":"https:\/\/krankenhauspfarramt.de\/index.php\/wp-json\/wp\/v2\/posts\/4001\/revisions"}],"predecessor-version":[{"id":4003,"href":"https:\/\/krankenhauspfarramt.de\/index.php\/wp-json\/wp\/v2\/posts\/4001\/revisions\/4003"}],"wp:featuredmedia":[{"embeddable":true,"href":"https:\/\/krankenhauspfarramt.de\/index.php\/wp-json\/wp\/v2\/media\/4002"}],"wp:attachment":[{"href":"https:\/\/krankenhauspfarramt.de\/index.php\/wp-json\/wp\/v2\/media?parent=4001"}],"wp:term":[{"taxonomy":"category","embeddable":true,"href":"https:\/\/krankenhauspfarramt.de\/index.php\/wp-json\/wp\/v2\/categories?post=4001"},{"taxonomy":"post_tag","embeddable":true,"href":"https:\/\/krankenhauspfarramt.de\/index.php\/wp-json\/wp\/v2\/tags?post=4001"}],"curies":[{"name":"wp","href":"https:\/\/api.w.org\/{rel}","templated":true}]}}