{"id":4004,"date":"2021-12-13T10:50:52","date_gmt":"2021-12-13T10:50:52","guid":{"rendered":"https:\/\/krankenhauspfarramt.de\/index.php\/2021\/12\/13\/08-12-2021-20-jahre-und-tausende-gebete\/"},"modified":"2021-12-13T10:50:52","modified_gmt":"2021-12-13T10:50:52","slug":"08-12-2021-20-jahre-und-tausende-gebete","status":"publish","type":"post","link":"https:\/\/krankenhauspfarramt.de\/index.php\/2021\/12\/13\/08-12-2021-20-jahre-und-tausende-gebete\/","title":{"rendered":"08.12.2021 20 Jahre und tausende Gebete"},"content":{"rendered":"<p><img decoding=\"async\" src=\"https:\/\/www.elk-wue.de\/\" \/><\/p>\n<div id=\"c32960\">\n<header>\n<h2 class=\"b_is-headline\">20 Jahre und tausende Gebete<\/h2>\n<h3>Kirchliches Radioformat \u201ebigPRAY\u201c geht in den Ruhestand<\/h3>\n<\/header>\n<p>Stuttgart. Nach fast 21 Jahren hat ein St\u00fcck Privatradio-Geschichte in Baden-W\u00fcrttemberg sein Ende gefunden: \u201ebigPRAY\u201c bei bigFM, eines der \u00e4ltesten kirchlichen Radioformate.\u00a0Das Nachfolgeformat hei\u00dft \u201ebigMessage\u201c.<\/p>\n<p class=\"paragraph\">Seit Dezember 2000 hatten evangelische und katholische Seelsorger im Wechsel \u201eOn Air\u201c f\u00fcr die Anliegen der H\u00f6rerinnen und H\u00f6rer gebetet. F\u00fcr die Evangelische Landeskirche in W\u00fcrttemberg war von Beginn an \u201ebigFM-Pfarrer\u201c Heiko Br\u00e4uning dabei.<\/p>\n<p class=\"paragraph\">\u201eVon Anfang an war es ungew\u00f6hnlich. Kirche zeigt sich nicht nur durch Verk\u00fcndigung, sondern betet sogar frei und offen \u201eOn Air\u201c \u2013 und das beim gr\u00f6\u00dften Jugendsender Deutschlands\u201c, erinnert sich Br\u00e4uning. F\u00fcr viele sei das eine wohltuende Abwechslung und eine gro\u00dfe \u00dcberraschung im Programm gewesen. \u201eViele haben mir ihre Sorgen, Probleme und \u00c4ngste anvertraut. Ich durfte ihnen zuh\u00f6ren, ihnen mit Rat und Tat zur Seite stehen und f\u00fcr sie beten. So dicht an und in der Lebenswelt von Jugendlichen ist man selten. Da ging es um Magersucht oder Drogenabh\u00e4ngigkeit, Verlust von lieben Menschen, Existenz\u00e4ngste, Mobbing und vieles mehr\u201c, sagt Br\u00e4uning.\u00a0Aus einigen Mails mit Anliegen sei dann eine l\u00e4ngere Begleitung geworden. Auch ein Buch ist daraus entstanden: \u201e60 x \u00dcberlebenshilfe\u201d.<\/p>\n<p class=\"paragraph\">Statt \u201ebigPRAY\u201d gibt es nun das Kirchenformat \u201ebigMessage\u201d auf den bisherigen \u201ebigPRAY\u201c-Sendepl\u00e4tzen: In 90 Sekunden sprechen junge Menschen dar\u00fcber, was ihnen Hoffnung im Leben gibt, wie Glaube im Alltag konkret werden kann oder wie sie mit Zweifeln umgehen. \u201ebigMessage\u201c wird bereits seit L\u00e4ngerem von der katholischen Rundfunkredaktion des Bistums Speyer und der evangelischen Redaktion der pf\u00e4lzischen Landeskirche umgesetzt. Heiko Br\u00e4uning wird weiterhin den \u201ebigFM nighttalk\u201c am Sonntagabend live moderieren.<\/p>\n<p class=\"paragraph\">\u00a0<\/p>\n<p class=\"paragraph\">Dan Peter<br \/>Sprecher der Landeskirche\u00a0\u00a0\u00a0\u00a0\u00a0\u00a0\u00a0<\/p>\n<p class=\"paragraph\">\u00a0<\/p>\n<p><strong>Hinweis:<\/strong> Fotos von Heiko Br\u00e4uning finden Sie auf seiner Homepage.\u00a0<\/p>\n<\/div>\n","protected":false},"excerpt":{"rendered":"<p>20 Jahre und tausende Gebete Kirchliches Radioformat \u201ebigPRAY\u201c geht in den Ruhestand Stuttgart. Nach fast 21 Jahren hat ein St\u00fcck<\/p>\n","protected":false},"author":1,"featured_media":0,"comment_status":"closed","ping_status":"closed","sticky":false,"template":"","format":"standard","meta":{"footnotes":""},"categories":[21],"tags":[],"_links":{"self":[{"href":"https:\/\/krankenhauspfarramt.de\/index.php\/wp-json\/wp\/v2\/posts\/4004"}],"collection":[{"href":"https:\/\/krankenhauspfarramt.de\/index.php\/wp-json\/wp\/v2\/posts"}],"about":[{"href":"https:\/\/krankenhauspfarramt.de\/index.php\/wp-json\/wp\/v2\/types\/post"}],"author":[{"embeddable":true,"href":"https:\/\/krankenhauspfarramt.de\/index.php\/wp-json\/wp\/v2\/users\/1"}],"replies":[{"embeddable":true,"href":"https:\/\/krankenhauspfarramt.de\/index.php\/wp-json\/wp\/v2\/comments?post=4004"}],"version-history":[{"count":0,"href":"https:\/\/krankenhauspfarramt.de\/index.php\/wp-json\/wp\/v2\/posts\/4004\/revisions"}],"wp:attachment":[{"href":"https:\/\/krankenhauspfarramt.de\/index.php\/wp-json\/wp\/v2\/media?parent=4004"}],"wp:term":[{"taxonomy":"category","embeddable":true,"href":"https:\/\/krankenhauspfarramt.de\/index.php\/wp-json\/wp\/v2\/categories?post=4004"},{"taxonomy":"post_tag","embeddable":true,"href":"https:\/\/krankenhauspfarramt.de\/index.php\/wp-json\/wp\/v2\/tags?post=4004"}],"curies":[{"name":"wp","href":"https:\/\/api.w.org\/{rel}","templated":true}]}}