{"id":4006,"date":"2021-12-13T16:11:12","date_gmt":"2021-12-13T16:11:12","guid":{"rendered":"https:\/\/krankenhauspfarramt.de\/index.php\/2021\/12\/13\/beauftragtenrat-zum-schutz-vor-sexualisierter-gewalt-neu-zusammengesetzt-ekd\/"},"modified":"2021-12-13T16:11:12","modified_gmt":"2021-12-13T16:11:12","slug":"beauftragtenrat-zum-schutz-vor-sexualisierter-gewalt-neu-zusammengesetzt-ekd","status":"publish","type":"post","link":"https:\/\/krankenhauspfarramt.de\/index.php\/2021\/12\/13\/beauftragtenrat-zum-schutz-vor-sexualisierter-gewalt-neu-zusammengesetzt-ekd\/","title":{"rendered":"Beauftragtenrat zum Schutz vor sexualisierter Gewalt neu zusammengesetzt \u2013 EKD"},"content":{"rendered":"<p> <br \/>\n<\/p>\n<div id=\"\">\n<div class=\"article--meta article--meta__border clearfix\">\n<p>                                    <time datetime=\"13.12.2021 14:45\" class=\"article--time\">13.12.2021<\/time><strong class=\"article--type primus--overline\">Pressemitteilung<\/strong><\/p>\n<picture class=\"article--source-image image\"><source srcset=\"https:\/\/www.ekd.de\/ekd_de\/ds_img\/assets\/20170622_ekd-Quellenlogo_141_rdax_423x118.png\"><!--<source srcset=\"\/ekd_de\/ds_img\/assets\/20170622_ekd-Quellenlogo_141_rdax_141x39.png 1x, \/ekd_de\/ds_img\/assets\/20170622_ekd-Quellenlogo_141_rdax_282x78.png 2x, https:\/\/www.ekd.de\/ekd_de\/ds_img\/assets\/20170622_ekd-Quellenlogo_141_rdax_423x118.png 3x\">--><img decoding=\"async\" src=\"https:\/\/www.ekd.de\/ekd_de\/ds_img\/assets\/20170622_ekd-Quellenlogo_141_rdax_141x39.png\" alt=\"EKD Logo\" title=\"EKD Logo\"\/><\/source><\/picture>\n<\/p><\/div>\n<h2 class=\"article--sub-headline primus--sub-headline\">Ratsvorsitzende Annette Kurschus dr\u00e4ngt auf schnelle Berufung und St\u00e4rkung des UBSKM<\/h2>\n<\/p><\/div>\n<div id=\"\">\n<p class=\"EKDFlietext\">Im Rahmen seiner ersten Sitzung hat der neugew\u00e4hlte Rat der Evangelischen Kirche in Deutschland (EKD) den Beauftragtenrat der EKD zum Schutz vor sexualisierter Gewalt neu berufen. Neben dem Braunschweiger Landesbischof Christoph Meyns und Bisch\u00f6fin Kirsten Fehrs (Nordkirche), die bereits seit 2018 dem Gremium angeh\u00f6ren, wurden drei neue Leitungspersonen aus der Kirchenkonferenz vom Rat berufen: Kirchenpr\u00e4sidentin Dorothee W\u00fcst (Pfalz), Dr.\u00a0Jan Lemke (Mitteldeutschland) und Oberkirchenr\u00e4tin Franziska B\u00f6nsch (Anhalt). Die EKD-Ratsvorsitzende Annette Kurschus w\u00fcnschte allen neuberufenen Personen Erfolg, Kraft und Gottes Segen f\u00fcr das neue Amt und die herausfordernde Aufgabe. \u201eDass Menschen in der Evangelischen Kirche sexualisierte Gewalt erlitten haben, schmerzt uns unermesslich. Umso wichtiger ist es, erlittenes Unrecht aufzudecken und k\u00fcnftiges Leid zu vermeiden.\u201c<\/p>\n<p class=\"EKDFlietext\">Mit Blick auf die Bildung der neuen Bundesregierung erhofft sich die EKD-Ratsvorsitzende die rasche Umsetzung der im Koalitionsvertrag angek\u00fcndigten St\u00e4rkung des Unabh\u00e4ngigen Beauftragten f\u00fcr Fragen des sexuellen Kindesmissbrauchs (UBSKM): \u201eWir brauchen einen starken, unabh\u00e4ngigen Partner auf Seiten des Staates, der auch Projekte wie etwa die von der EKD mehrfach geforderte gesamtgesellschaftliche Dunkelfeldstudie umsetzt.\u201c<\/p>\n<p class=\"EKDFlietext\">Landesbischof Cornelius-Bundschuh (Baden), Susanne Teichmanis (Oldenburg) und Nikolaus Blum (Bayern) scheiden nach drei Jahren aus dem Beauftragtenrat aus. Pr\u00e4ses Kurschus dankte allen bisherigen Mitgliedern sowie den st\u00e4ndigen G\u00e4sten des Beauftragtenrates f\u00fcr die engagierte Arbeit in den vergangenen Jahren: \u201eDer Beauftragtenrat hat seit 2018 f\u00fcr die Aufarbeitung und den Schutz vor sexualisierter Gewalt in unserer Kirche mit gro\u00dfem Nachdruck und breiter Wirkung die Ma\u00dfnahmen des 11-Punkte-Handlungsplans vorangetrieben und umgesetzt. Ich bin mir sicher, dass der neue Beauftragtenrat diese wichtige und schwierige Arbeit bei allen Herausforderungen erfolgreich fortsetzen wird.\u201c<\/p>\n<p class=\"EKDFlietext\">Im Auftrag der Landeskirchen bringt der Beauftragtenrat der EKD den Schutz vor und die Aufarbeitung von sexualisierter Gewalt innerkirchlich wie auch au\u00dferkirchlich voran. Der Beauftragtenrat besteht aus drei Bischofspersonen und zwei leitenden Jurist:innen. Als kooptierte Mitglieder unterst\u00fctzen ferner der Bevollm\u00e4chtigte des Rates der EKD bei der Bundesrepublik Deutschland und der Europ\u00e4ischen Union, eine Vertreterin der Diakonie Deutschland und zwei Vertreterinnen der Fachebene in den Landeskirchen das Gremium.\u00a0 Sprecher des Beauftragtenrates ist Landesbischof Christoph Meyns.<\/p>\n<p class=\"EKDFlietext\">H\u00e4ufige Fragen zu Pr\u00e4vention, Intervention und Aufarbeitung<br \/>www.ekd.de\/faq-praevention<\/p>\n<p class=\"EKDFlietext\">Hinweise:<br \/>Betroffene von sexualisierter Gewalt im Raum der evangelischen Kirche und der Diakonie k\u00f6nnen sich an die \u201eZentrale Anlaufstelle.help\u201c sowie an die landeskirchlichen Ansprechpersonen f\u00fcr Betroffene sexualisierter Gewalt wenden:<\/p>\n<p class=\"EKDFlietext\">www.Anlaufstelle.help<br \/>www.ekd.de\/Ansprechpartner-fuer-Missbrauchsopfer-23994.htm<\/p>\n<p class=\"EKDFlietext\">Weitere Informationen zu den Ma\u00dfnahmen gegen sexualisierte Gewalt unter:<br \/>www.hinschauen-helfen-handeln.de<br \/>www.ekd.de\/missbrauch<\/p>\n<p class=\"EKDFlietext\">Hannover, 13. Dezember 2021<\/p>\n<p class=\"EKDFlietext\">Pressestelle der EKD<br \/>Carsten Splitt<\/p>\n<\/div>\n","protected":false},"excerpt":{"rendered":"<p>13.12.2021Pressemitteilung Ratsvorsitzende Annette Kurschus dr\u00e4ngt auf schnelle Berufung und St\u00e4rkung des UBSKM Im Rahmen seiner ersten Sitzung hat der neugew\u00e4hlte<\/p>\n","protected":false},"author":1,"featured_media":0,"comment_status":"closed","ping_status":"closed","sticky":false,"template":"","format":"standard","meta":{"footnotes":""},"categories":[20],"tags":[],"_links":{"self":[{"href":"https:\/\/krankenhauspfarramt.de\/index.php\/wp-json\/wp\/v2\/posts\/4006"}],"collection":[{"href":"https:\/\/krankenhauspfarramt.de\/index.php\/wp-json\/wp\/v2\/posts"}],"about":[{"href":"https:\/\/krankenhauspfarramt.de\/index.php\/wp-json\/wp\/v2\/types\/post"}],"author":[{"embeddable":true,"href":"https:\/\/krankenhauspfarramt.de\/index.php\/wp-json\/wp\/v2\/users\/1"}],"replies":[{"embeddable":true,"href":"https:\/\/krankenhauspfarramt.de\/index.php\/wp-json\/wp\/v2\/comments?post=4006"}],"version-history":[{"count":0,"href":"https:\/\/krankenhauspfarramt.de\/index.php\/wp-json\/wp\/v2\/posts\/4006\/revisions"}],"wp:attachment":[{"href":"https:\/\/krankenhauspfarramt.de\/index.php\/wp-json\/wp\/v2\/media?parent=4006"}],"wp:term":[{"taxonomy":"category","embeddable":true,"href":"https:\/\/krankenhauspfarramt.de\/index.php\/wp-json\/wp\/v2\/categories?post=4006"},{"taxonomy":"post_tag","embeddable":true,"href":"https:\/\/krankenhauspfarramt.de\/index.php\/wp-json\/wp\/v2\/tags?post=4006"}],"curies":[{"name":"wp","href":"https:\/\/api.w.org\/{rel}","templated":true}]}}