{"id":4007,"date":"2021-12-14T13:10:19","date_gmt":"2021-12-14T13:10:19","guid":{"rendered":"https:\/\/krankenhauspfarramt.de\/index.php\/2021\/12\/14\/thomas-rachel-uebernimmt-zustaendigkeit-fuer-religion-in-unionsfraktion-ekd\/"},"modified":"2021-12-14T13:10:19","modified_gmt":"2021-12-14T13:10:19","slug":"thomas-rachel-uebernimmt-zustaendigkeit-fuer-religion-in-unionsfraktion-ekd","status":"publish","type":"post","link":"https:\/\/krankenhauspfarramt.de\/index.php\/2021\/12\/14\/thomas-rachel-uebernimmt-zustaendigkeit-fuer-religion-in-unionsfraktion-ekd\/","title":{"rendered":"Thomas Rachel \u00fcbernimmt Zust\u00e4ndigkeit f\u00fcr Religion in Unionsfraktion \u2013 EKD"},"content":{"rendered":"<p> <br \/>\n<\/p>\n<div>\n<p>Bei den Wahlen der Fraktion zu den Arbeitsgruppenvorsitzenden und Fachsprechern wurde der 59-J\u00e4hrige am Montagabend zum kirchen- und religionspolitischen Sprecher bestimmt. Rachel ist evangelisch und geh\u00f6rt auch dem Rat der Evangelischen Kirche in Deutschland (EKD) an.<\/p>\n<p>Der CDU-Politiker aus D\u00fcren war bis zur vergangenen Wahlperiode Parlamentarischer Staatssekret\u00e4r im Bundesbildungsministerium. Bundestagsabgeordneter ist Rachel seit 1994.<\/p>\n<p>Die Zust\u00e4ndigkeit f\u00fcr Kirchen und Religionsgemeinschaften in der CDU\/CSU-Fraktion im Bundestag hatte zuvor Hermann Gr\u00f6he (CDU) inne.<\/p>\n<\/p><\/div>\n","protected":false},"excerpt":{"rendered":"<p>Bei den Wahlen der Fraktion zu den Arbeitsgruppenvorsitzenden und Fachsprechern wurde der 59-J\u00e4hrige am Montagabend zum kirchen- und religionspolitischen Sprecher<\/p>\n","protected":false},"author":1,"featured_media":0,"comment_status":"closed","ping_status":"closed","sticky":false,"template":"","format":"standard","meta":{"footnotes":""},"categories":[20],"tags":[],"_links":{"self":[{"href":"https:\/\/krankenhauspfarramt.de\/index.php\/wp-json\/wp\/v2\/posts\/4007"}],"collection":[{"href":"https:\/\/krankenhauspfarramt.de\/index.php\/wp-json\/wp\/v2\/posts"}],"about":[{"href":"https:\/\/krankenhauspfarramt.de\/index.php\/wp-json\/wp\/v2\/types\/post"}],"author":[{"embeddable":true,"href":"https:\/\/krankenhauspfarramt.de\/index.php\/wp-json\/wp\/v2\/users\/1"}],"replies":[{"embeddable":true,"href":"https:\/\/krankenhauspfarramt.de\/index.php\/wp-json\/wp\/v2\/comments?post=4007"}],"version-history":[{"count":0,"href":"https:\/\/krankenhauspfarramt.de\/index.php\/wp-json\/wp\/v2\/posts\/4007\/revisions"}],"wp:attachment":[{"href":"https:\/\/krankenhauspfarramt.de\/index.php\/wp-json\/wp\/v2\/media?parent=4007"}],"wp:term":[{"taxonomy":"category","embeddable":true,"href":"https:\/\/krankenhauspfarramt.de\/index.php\/wp-json\/wp\/v2\/categories?post=4007"},{"taxonomy":"post_tag","embeddable":true,"href":"https:\/\/krankenhauspfarramt.de\/index.php\/wp-json\/wp\/v2\/tags?post=4007"}],"curies":[{"name":"wp","href":"https:\/\/api.w.org\/{rel}","templated":true}]}}