{"id":4008,"date":"2021-12-15T10:26:47","date_gmt":"2021-12-15T10:26:47","guid":{"rendered":"https:\/\/krankenhauspfarramt.de\/index.php\/2021\/12\/15\/orgel-des-monats-dezember-2021-in-profen-ekd\/"},"modified":"2021-12-15T10:26:47","modified_gmt":"2021-12-15T10:26:47","slug":"orgel-des-monats-dezember-2021-in-profen-ekd","status":"publish","type":"post","link":"https:\/\/krankenhauspfarramt.de\/index.php\/2021\/12\/15\/orgel-des-monats-dezember-2021-in-profen-ekd\/","title":{"rendered":"\u201eOrgel des Monats Dezember 2021\u201c in Profen \u2013 EKD"},"content":{"rendered":"<p> <br \/>\n<\/p>\n<div id=\"\">\n<div class=\"article--meta article--meta__border clearfix\">\n<p>                                    <time datetime=\"15.12.2021 10:00\" class=\"article--time\">15.12.2021<\/time><strong class=\"article--type primus--overline\">Pressemitteilung<\/strong><\/p>\n<picture class=\"article--source-image image\"><source srcset=\"https:\/\/www.ekd.de\/ekd_de\/ds_img\/assets\/20170622_ekd-Quellenlogo_141_rdax_423x118.png\"><!--<source srcset=\"\/ekd_de\/ds_img\/assets\/20170622_ekd-Quellenlogo_141_rdax_141x39.png 1x, \/ekd_de\/ds_img\/assets\/20170622_ekd-Quellenlogo_141_rdax_282x78.png 2x, https:\/\/www.ekd.de\/ekd_de\/ds_img\/assets\/20170622_ekd-Quellenlogo_141_rdax_423x118.png 3x\">--><img decoding=\"async\" src=\"https:\/\/www.ekd.de\/ekd_de\/ds_img\/assets\/20170622_ekd-Quellenlogo_141_rdax_141x39.png\" alt=\"EKD Logo\" title=\"EKD Logo\"\/><\/source><\/picture>\n<\/p><\/div>\n<h2 class=\"article--sub-headline primus--sub-headline\">Weihnachten mit Orgelklang<\/h2>\n<\/p><\/div>\n<div id=\"\">\n<p>Die \u201eOrgel des Monats Dezember\u201c der Stiftung Orgelklang in der Evangelischen Kirche Profen (Sachsen-Anhalt) gilt als die \u00e4lteste erhaltene Kegelladen-Orgel in Ostdeutschland. Das 1853 erbaute Instrument wird derzeit saniert. Die von der Evangelischen Kirche in Deutschland (EKD) gegr\u00fcndete Stiftung stellt daf\u00fcr in diesem Jahr 5.000 Euro zur Verf\u00fcgung.\u00a0<\/p>\n<p>Gefertigt wurde das Instrument von dem Eilenburger Orgelbaumeister Conrad Gei\u00dfler. Er war bei Eberhard Friedrich Walcker in Ludwigsburg in die Lehre gegangen und hatte dort den damals noch wenig \u00fcblichen Bau mechanischer Kegelladenorgeln erlernt. Das Instrument in Profen ist mit 24 Registern eine der gr\u00f6\u00dften \u00e4lteren Kegelladenorgeln deutschlandweit. Wenige Jahre nach dem Bau dieser Orgel schuf Gei\u00dfler dann nur noch Orgeln, die durch Schleifladen mit Wind versorgt wurden.\u00a0<\/p>\n<p>Holzw\u00fcrmer, aber auch Umwelteinfl\u00fcsse wie die Schwelgase, die sich beim Braunkohleabbau bildeten, haben dem historischen Instrument zugesetzt. Kurz vor Ostern wurde es in der Kirche abgebaut und in die Werkstatt transportiert. Seit vielen Jahren schon werden in Profen Spenden f\u00fcr die Restaurierung gesammelt; das Interesse an der Orgel ist gro\u00df &#8211; im gesamten Ort. \u201eKonzerte und Kabarett-Abende in der Kirche werden von allen hier gesch\u00e4tzt\u201c, sagt die Vorsitzende des Gemeindekirchenrates, Sigrid Buchholz. \u201eAuch beim anstehenden Fest zum Dorfjubil\u00e4um sind wir selbstverst\u00e4ndlich auch mit dabei.\u201c\u00a0<\/p>\n<p>Rund 70.000 Euro waren f\u00fcr den ersten Sanierungsschritt aufzuwenden &#8211; insgesamt rechnet man in Profen mit Kosten von mehr als 200.000 Euro. \u201eZu Weihnachten wird die Gei\u00dfler-Orgel trotzdem schon in der Kirche erklingen\u201c, sagt Sigrid Buchholz: \u201eSieben Register bekommen wir rechtzeitig zur\u00fcck.\u201c\u00a0<\/p>\n<p>Die Stiftung Orgelklang der Evangelischen Kirche in Deutschland (EKD) pr\u00e4sentiert in jedem Monat eine \u201eOrgel des Monats\u201c. In diesem Jahr f\u00f6rdert sie 15 Projekte in einem Gesamtumfang von 55.000 Euro (bzw. 110.000 Euro inkl. Projektspenden). Seit 2010 hat sie 236 F\u00f6rderzusagen \u00fcber mehr als 1,4 Millionen Euro gegeben (bzw. mehr als 1,9 Millionen Euro inkl. Projektspenden). Weitere Informationen finden Sie im Internet unter www.stiftung-orgelklang.de.<\/p>\n<p>Hannover, 15. Dezember 2021<\/p>\n<p>Pressestelle der EKD<br \/>\u00a0<\/p>\n<\/div>\n","protected":false},"excerpt":{"rendered":"<p>15.12.2021Pressemitteilung Weihnachten mit Orgelklang Die \u201eOrgel des Monats Dezember\u201c der Stiftung Orgelklang in der Evangelischen Kirche Profen (Sachsen-Anhalt) gilt als<\/p>\n","protected":false},"author":1,"featured_media":0,"comment_status":"closed","ping_status":"closed","sticky":false,"template":"","format":"standard","meta":{"footnotes":""},"categories":[20],"tags":[],"_links":{"self":[{"href":"https:\/\/krankenhauspfarramt.de\/index.php\/wp-json\/wp\/v2\/posts\/4008"}],"collection":[{"href":"https:\/\/krankenhauspfarramt.de\/index.php\/wp-json\/wp\/v2\/posts"}],"about":[{"href":"https:\/\/krankenhauspfarramt.de\/index.php\/wp-json\/wp\/v2\/types\/post"}],"author":[{"embeddable":true,"href":"https:\/\/krankenhauspfarramt.de\/index.php\/wp-json\/wp\/v2\/users\/1"}],"replies":[{"embeddable":true,"href":"https:\/\/krankenhauspfarramt.de\/index.php\/wp-json\/wp\/v2\/comments?post=4008"}],"version-history":[{"count":0,"href":"https:\/\/krankenhauspfarramt.de\/index.php\/wp-json\/wp\/v2\/posts\/4008\/revisions"}],"wp:attachment":[{"href":"https:\/\/krankenhauspfarramt.de\/index.php\/wp-json\/wp\/v2\/media?parent=4008"}],"wp:term":[{"taxonomy":"category","embeddable":true,"href":"https:\/\/krankenhauspfarramt.de\/index.php\/wp-json\/wp\/v2\/categories?post=4008"},{"taxonomy":"post_tag","embeddable":true,"href":"https:\/\/krankenhauspfarramt.de\/index.php\/wp-json\/wp\/v2\/tags?post=4008"}],"curies":[{"name":"wp","href":"https:\/\/api.w.org\/{rel}","templated":true}]}}