{"id":4009,"date":"2021-12-17T14:50:07","date_gmt":"2021-12-17T14:50:07","guid":{"rendered":"https:\/\/krankenhauspfarramt.de\/index.php\/2021\/12\/17\/heike-springhart-zur-ersten-badischen-bischoefin-gewaehlt-ekd\/"},"modified":"2021-12-17T14:50:10","modified_gmt":"2021-12-17T14:50:10","slug":"heike-springhart-zur-ersten-badischen-bischoefin-gewaehlt-ekd","status":"publish","type":"post","link":"https:\/\/krankenhauspfarramt.de\/index.php\/2021\/12\/17\/heike-springhart-zur-ersten-badischen-bischoefin-gewaehlt-ekd\/","title":{"rendered":"Heike Springhart zur ersten badischen Bisch\u00f6fin gew\u00e4hlt \u2013 EKD"},"content":{"rendered":"<p> <br \/>\n<\/p>\n<div>\n<p style=\"margin-left:0cm; margin-right:0cm\">Die 46-j\u00e4hrige habilitierte Theologin Springhart wird ab April an der Spitze der badischen Landeskirche stehen als Repr\u00e4sentantin von rund 1,1 Millionen Protestanten in Baden von Wertheim im Norden bis zum Bodensee im S\u00fcden. Derzeit ist Springhart Gemeindepfarrerin an der Evangelischen Johannesgemeinde in Pforzheim, der ersten Notkirche, die nach dem Krieg in Deutschland gebaut wurde.<\/p>\n<p style=\"margin-left:0cm; margin-right:0cm\">Die Theologin leitete von 2010 bis 2019 das Theologische Studienhaus Heidelberg. Sie lehrte an den Universit\u00e4ten Bochum, Heidelberg und Z\u00fcrich. 2013 und 2014 war sie Gastwissenschaftlerin an der University of Chicago (USA). Springhart schrieb ihre Doktorarbeit \u00fcber den \u201eBeitrag von Religion und Kirche f\u00fcr Demokratisierung und Reeducation im Westen Deutschlands nach 1945\u201c.<\/p>\n<p style=\"margin-left:0cm; margin-right:0cm\">Ihre Habilitationsschrift \u201eDer verwundbare Mensch. Sterben, Tod und Endlichkeit im Horizont einer realistischen Anthropologie\u201c ist im April 2016 erschienen.<\/p>\n<p style=\"margin-left:0cm; margin-right:0cm\">Seit 2016 ist sie Mitglied der Kammer f\u00fcr Theologie der Evangelischen Kirche in Deutschland (EKD).<\/p>\n<\/p><\/div>\n","protected":false},"excerpt":{"rendered":"<p>Die 46-j\u00e4hrige habilitierte Theologin Springhart wird ab April an der Spitze der badischen Landeskirche stehen als Repr\u00e4sentantin von rund 1,1<\/p>\n","protected":false},"author":1,"featured_media":4010,"comment_status":"closed","ping_status":"closed","sticky":false,"template":"","format":"standard","meta":{"footnotes":""},"categories":[20],"tags":[],"_links":{"self":[{"href":"https:\/\/krankenhauspfarramt.de\/index.php\/wp-json\/wp\/v2\/posts\/4009"}],"collection":[{"href":"https:\/\/krankenhauspfarramt.de\/index.php\/wp-json\/wp\/v2\/posts"}],"about":[{"href":"https:\/\/krankenhauspfarramt.de\/index.php\/wp-json\/wp\/v2\/types\/post"}],"author":[{"embeddable":true,"href":"https:\/\/krankenhauspfarramt.de\/index.php\/wp-json\/wp\/v2\/users\/1"}],"replies":[{"embeddable":true,"href":"https:\/\/krankenhauspfarramt.de\/index.php\/wp-json\/wp\/v2\/comments?post=4009"}],"version-history":[{"count":1,"href":"https:\/\/krankenhauspfarramt.de\/index.php\/wp-json\/wp\/v2\/posts\/4009\/revisions"}],"predecessor-version":[{"id":4011,"href":"https:\/\/krankenhauspfarramt.de\/index.php\/wp-json\/wp\/v2\/posts\/4009\/revisions\/4011"}],"wp:featuredmedia":[{"embeddable":true,"href":"https:\/\/krankenhauspfarramt.de\/index.php\/wp-json\/wp\/v2\/media\/4010"}],"wp:attachment":[{"href":"https:\/\/krankenhauspfarramt.de\/index.php\/wp-json\/wp\/v2\/media?parent=4009"}],"wp:term":[{"taxonomy":"category","embeddable":true,"href":"https:\/\/krankenhauspfarramt.de\/index.php\/wp-json\/wp\/v2\/categories?post=4009"},{"taxonomy":"post_tag","embeddable":true,"href":"https:\/\/krankenhauspfarramt.de\/index.php\/wp-json\/wp\/v2\/tags?post=4009"}],"curies":[{"name":"wp","href":"https:\/\/api.w.org\/{rel}","templated":true}]}}