{"id":4019,"date":"2021-12-23T14:08:42","date_gmt":"2021-12-23T14:08:42","guid":{"rendered":"https:\/\/krankenhauspfarramt.de\/index.php\/2021\/12\/23\/freudenbotschaft-von-pandemischem-ausmass-ekd\/"},"modified":"2021-12-23T14:08:44","modified_gmt":"2021-12-23T14:08:44","slug":"freudenbotschaft-von-pandemischem-ausmass-ekd","status":"publish","type":"post","link":"https:\/\/krankenhauspfarramt.de\/index.php\/2021\/12\/23\/freudenbotschaft-von-pandemischem-ausmass-ekd\/","title":{"rendered":"\u201eFreudenbotschaft von pandemischem Ausma\u00df\u201c \u2013 EKD"},"content":{"rendered":"<p> <br \/>\n<\/p>\n<div id=\"\">\n<div class=\"article--meta article--meta__border clearfix\">\n<p>                                    <time datetime=\"23.12.2021 11:00\" class=\"article--time\">23.12.2021<\/time><strong class=\"article--type primus--overline\">Pressemitteilung<\/strong><\/p>\n<picture class=\"article--source-image image\"><source srcset=\"https:\/\/www.ekd.de\/ekd_de\/ds_img\/assets\/20170622_ekd-Quellenlogo_141_rdax_423x118.png\"><!--<source srcset=\"\/ekd_de\/ds_img\/assets\/20170622_ekd-Quellenlogo_141_rdax_141x39.png 1x, \/ekd_de\/ds_img\/assets\/20170622_ekd-Quellenlogo_141_rdax_282x78.png 2x, https:\/\/www.ekd.de\/ekd_de\/ds_img\/assets\/20170622_ekd-Quellenlogo_141_rdax_423x118.png 3x\">--><\/source><\/picture>\n<\/p><\/div>\n<h2 class=\"article--sub-headline primus--sub-headline\">Die EKD-Ratsvorsitzende Annette Kurschus predigt an Heiligabend in Bethel<\/h2>\n<\/p><\/div>\n<div id=\"\">\n<p>\u201eGottes Botinnen und Boten senden mit der Verk\u00fcndigung von der Geburt Jesu eine Freudenbotschaft von pandemischem Ausma\u00df und haben auch uns im Blick. Nach diesem verr\u00fcckten Jahr wohl ganz besonders. Sie locken uns aus den Hinterzimmern unserer Bef\u00fcrchtungen und \u00c4ngste und Ungewissheiten.\u201c Dieses Hoffnungssignal geht f\u00fcr die Vorsitzende des Rates der Evangelischen Kirche in Deutschland (EKD), Pr\u00e4ses Annette Kurschus, vom Weihnachtsfest im Pandemiejahr 2021 aus.<\/p>\n<p>Die Zeit, zu der sich die Weihnachtsgeschichte begab, sei auch unsere Zeit, sagt Kurschus. \u201eWas sich in jener Zeit begab, begibt sich wieder.\u201c Nach dem Lukas-Evangelium habe es vor der Geburt des Retters eine gro\u00dfe Z\u00e4hlung gegeben. \u201eEs beginnt mit einem \u201apandemischen\u2018, das ganze Volk betreffenden Befehl\u201c, so die Ratsvorsitzende. Die ganze Welt sollte erfasst und registriert werden: \u201eJeder wird zur Nummer. Kaiser Augustus l\u00e4sst z\u00e4hlen. Und da z\u00e4hlt nicht, ob du den Weg schaffst. Da z\u00e4hlt nicht, ob du ein Kind bekommst. Da z\u00e4hlt nicht, ob du eine Herberge findest\u201c, so Kurschus.\u00a0<\/p>\n<p>\u201eHeute erfahren wir neu und auf nie geahnte Weise, was es bedeutet, der Macht der Zahl ausgeliefert zu sein: Wie viele Infizierte? Wie viele Erkrankte? Wie viele Tote? Wie viele Intensivbetten? Wie viele Beatmungsger\u00e4te? Wie lautet die Reproduktionszahl \u2013 und wie die Inzidenzzahl? Wie hoch sind die Fallzahlen? Nicht zu vergessen: Wie viele Fl\u00fcchtlinge in Belarus? Wie viele Soldaten an der ukrainischen Grenze? Wie viel Grad bis zum Kollaps? Wieviel, wieviel, wieviel?\u201c\u00a0<\/p>\n<p>Die Macht der Zahlen lasse viele vor Angst erstarren, so Kurschus. Diese werde an Weihnachten durch die Geburt eines einzelnen \u201aKindes durchbrochen: \u201eGott kommt als verletzliches Wesen zur Welt, das auch als Erwachsener die Verletzlichkeit aush\u00e4lt \u2013 bis zum Tod am Kreuz. Und daraus wird neues Leben \u2013 f\u00fcr uns alle.\u201c Die Weihnachtsbotschaft rufe uns zu: \u201eSeid nicht getrieben von Angst, sondern befl\u00fcgelt von Hoffnung.\u201c<\/p>\n<p>Die EKD-Ratsvorsitzende predigt an Heiligabend um 18 Uhr in der Zionskirche in Bethel. Weitere Informationen: www.zionsgemeinde-bethel.de<\/p>\n<p>Am ersten Weihnachtsfeiertag predigt die Ratsvorsitzende um 10 Uhr im Festgottesdienst in der Neust\u00e4dter Marienkirche in Bielefeld. Weitere Informationen: www.neustadt-marien-bielefeld.de<\/p>\n<p>Eine Auswahl an Fernseh-, Radio-, Online- und vor-Ort-Gottesdiensten hat die EKD unter www.weihnachtsgottesdienste.de ver\u00f6ffentlicht.<\/p>\n<p>Hannover, 23. Dezember 2021<\/p>\n<p>Pressestelle der EKD<br \/>Annika Lukas<br \/>\u00a0<\/p>\n<\/div>\n","protected":false},"excerpt":{"rendered":"<p>23.12.2021Pressemitteilung Die EKD-Ratsvorsitzende Annette Kurschus predigt an Heiligabend in Bethel \u201eGottes Botinnen und Boten senden mit der Verk\u00fcndigung von der<\/p>\n","protected":false},"author":1,"featured_media":4020,"comment_status":"closed","ping_status":"closed","sticky":false,"template":"","format":"standard","meta":{"footnotes":""},"categories":[20],"tags":[],"_links":{"self":[{"href":"https:\/\/krankenhauspfarramt.de\/index.php\/wp-json\/wp\/v2\/posts\/4019"}],"collection":[{"href":"https:\/\/krankenhauspfarramt.de\/index.php\/wp-json\/wp\/v2\/posts"}],"about":[{"href":"https:\/\/krankenhauspfarramt.de\/index.php\/wp-json\/wp\/v2\/types\/post"}],"author":[{"embeddable":true,"href":"https:\/\/krankenhauspfarramt.de\/index.php\/wp-json\/wp\/v2\/users\/1"}],"replies":[{"embeddable":true,"href":"https:\/\/krankenhauspfarramt.de\/index.php\/wp-json\/wp\/v2\/comments?post=4019"}],"version-history":[{"count":1,"href":"https:\/\/krankenhauspfarramt.de\/index.php\/wp-json\/wp\/v2\/posts\/4019\/revisions"}],"predecessor-version":[{"id":4021,"href":"https:\/\/krankenhauspfarramt.de\/index.php\/wp-json\/wp\/v2\/posts\/4019\/revisions\/4021"}],"wp:featuredmedia":[{"embeddable":true,"href":"https:\/\/krankenhauspfarramt.de\/index.php\/wp-json\/wp\/v2\/media\/4020"}],"wp:attachment":[{"href":"https:\/\/krankenhauspfarramt.de\/index.php\/wp-json\/wp\/v2\/media?parent=4019"}],"wp:term":[{"taxonomy":"category","embeddable":true,"href":"https:\/\/krankenhauspfarramt.de\/index.php\/wp-json\/wp\/v2\/categories?post=4019"},{"taxonomy":"post_tag","embeddable":true,"href":"https:\/\/krankenhauspfarramt.de\/index.php\/wp-json\/wp\/v2\/tags?post=4019"}],"curies":[{"name":"wp","href":"https:\/\/api.w.org\/{rel}","templated":true}]}}