{"id":4022,"date":"2021-12-26T19:24:11","date_gmt":"2021-12-26T19:24:11","guid":{"rendered":"https:\/\/krankenhauspfarramt.de\/index.php\/2021\/12\/26\/seine-stimme-wird-fehlen-ekd\/"},"modified":"2021-12-26T19:24:14","modified_gmt":"2021-12-26T19:24:14","slug":"seine-stimme-wird-fehlen-ekd","status":"publish","type":"post","link":"https:\/\/krankenhauspfarramt.de\/index.php\/2021\/12\/26\/seine-stimme-wird-fehlen-ekd\/","title":{"rendered":"\u201eSeine Stimme wird fehlen\u201c \u2013 EKD"},"content":{"rendered":"<p> <br \/>\n<\/p>\n<div id=\"\">\n<div class=\"article--meta article--meta__border clearfix\">\n<p>                                    <time datetime=\"26.12.2021 18:00\" class=\"article--time\">26.12.2021<\/time><strong class=\"article--type primus--overline\">Pressemitteilung<\/strong><\/p>\n<picture class=\"article--source-image image\"><source srcset=\"https:\/\/www.ekd.de\/ekd_de\/ds_img\/assets\/20170622_ekd-Quellenlogo_141_rdax_423x118.png\"><!--<source srcset=\"\/ekd_de\/ds_img\/assets\/20170622_ekd-Quellenlogo_141_rdax_141x39.png 1x, \/ekd_de\/ds_img\/assets\/20170622_ekd-Quellenlogo_141_rdax_282x78.png 2x, https:\/\/www.ekd.de\/ekd_de\/ds_img\/assets\/20170622_ekd-Quellenlogo_141_rdax_423x118.png 3x\">--><\/source><\/picture>\n<\/p><\/div>\n<h2 class=\"article--sub-headline primus--sub-headline\">EKD-Ratsvorsitzende Kurschus und EKD-Auslandsbisch\u00f6fin Bosse-Huber kondolieren zum Tod von Desmond Tutu<\/h2>\n<\/p><\/div>\n<div>\n<p>Die Auslandsbisch\u00f6fin der Evangelischen Kirche in Deutschland (EKD), Petra Bosse-Huber, erinnert in einem Kondolenzschreiben an das Leben und Wirken des ehemaligen anglikanischen Erzbischofs von Kapstadt und Friedensnobelpreistr\u00e4gers, Desmond Mpilo Tutu, der im Alter von 90 Jahren verstorben ist. Sie dr\u00fcckt seiner Frau Nomalizo Leah, seiner Familie und stellvertretend f\u00fcr die anglikanische Kirche, Erzbischof Thabo Makgoba ihr Mitgef\u00fchl aus: \u201eSie verlieren in ihm einen wunderbaren Menschen und m\u00fcssen ohne ihn weiterleben. Daf\u00fcr w\u00fcnsche ich Ihnen von Herzen Kraft und die Zuversicht, die auch ihn getragen hat, dass wir am Ende dieses Lebens gehalten und getragen sind von der Liebe Gottes.\u201c<\/p>\n<p>Bereits am Vormittag hatte sich die EKD-Ratsvorsitzende, Pr\u00e4ses Annette Kurschus, zum Tod von Desmond Tutu ge\u00e4u\u00dfert: \u201eDesmond Tutu hat die Stimme f\u00fcr diejenigen erhoben, die nicht geh\u00f6rt wurden. Er war das Sprachrohr f\u00fcr die Menschen in S\u00fcdafrika, die jahrzehntelang unter der Apartheid gelitten haben. Aus seinem christlichen Glauben heraus hat sich Tutu f\u00fcr das Ende des Apartheidregimes eingesetzt. Die Welt hat einen Menschen verloren, der das Evangelium in bemerkenswerter Weise gelebt hat. Wir haben ihm viel zu verdanken. Seine Stimme wird fehlen.\u201c<\/p>\n<p>Petra Bosse-Huber erinnert daran, was aus dem so reichen und aktiven Leben und Wirken von Desmond Tutu bleiben und weiterwirken wird: \u201eSein bedingungsloser Einsatz gegen die Apartheid in S\u00fcdafrika und gegen alle Unterdr\u00fcckung und Erniedrigung von Menschen. Sein Wirken f\u00fcr Wahrheit und Vers\u00f6hnung in S\u00fcdafrika, die bis heute vorbildhaft ausstrahlt in viele andere L\u00e4nder. Sein konfessions- und auch religions\u00fcbergreifender Einsatz f\u00fcr Gerechtigkeit und sein theologisches Infragestellen vieler Selbstverst\u00e4ndlichkeiten \u2013 das alles wird bleiben.\u201c\u00a0<\/p>\n<p>Bosse-Huber sprach im Namen der Evangelischen Kirche in Deutschland ihren Dank f\u00fcr \u201eseinen unerm\u00fcdlichen Einsatz, uns f\u00fcr den Kampf gegen die Apartheid in seiner Heimat sensibilisiert zu haben und in vielen anderen Gerechtigkeitsfragen bis heute herauszufordern\u201c aus.<\/p>\n<p>Aus Anlass des 90. Geburtstages von Desmond Tutu wurde erst Anfang November von der EKD, dem S\u00fcdafrikanischen Kirchenrat (SACC) und weiteren Kirchen und Organisationen die Konferenz \u201e9 Jahrzehnte f\u00fcr Gerechtigkeit und Frieden\u201c durchgef\u00fchrt, die sich seinem Lebenswerk widmete. \u201eEr konnte an dieser Konferenz selbst nicht mehr teilnehmen. Sein Verm\u00e4chtnis aber wurde auf dieser Konferenz von vielen seiner Wegbegleiter und vielen jungen Menschen in unsere Gegenwartsfragen eingetragen und vor diesen Herausforderungen diskutiert. Das Wirken und das Erbe Desmond Tutus wird uns weit \u00fcber seinen Tod hinaus Mahnung und Anspruch sein\u201c, erinnert sich Bosse-Huber.<\/p>\n<p>Hannover, 26. Dezember 2021<\/p>\n<p>Pressestelle der EKD<br \/>Annika Lukas<\/p>\n<\/p><\/div>\n","protected":false},"excerpt":{"rendered":"<p>26.12.2021Pressemitteilung EKD-Ratsvorsitzende Kurschus und EKD-Auslandsbisch\u00f6fin Bosse-Huber kondolieren zum Tod von Desmond Tutu Die Auslandsbisch\u00f6fin der Evangelischen Kirche in Deutschland (EKD),<\/p>\n","protected":false},"author":1,"featured_media":4023,"comment_status":"closed","ping_status":"closed","sticky":false,"template":"","format":"standard","meta":{"footnotes":""},"categories":[20],"tags":[],"_links":{"self":[{"href":"https:\/\/krankenhauspfarramt.de\/index.php\/wp-json\/wp\/v2\/posts\/4022"}],"collection":[{"href":"https:\/\/krankenhauspfarramt.de\/index.php\/wp-json\/wp\/v2\/posts"}],"about":[{"href":"https:\/\/krankenhauspfarramt.de\/index.php\/wp-json\/wp\/v2\/types\/post"}],"author":[{"embeddable":true,"href":"https:\/\/krankenhauspfarramt.de\/index.php\/wp-json\/wp\/v2\/users\/1"}],"replies":[{"embeddable":true,"href":"https:\/\/krankenhauspfarramt.de\/index.php\/wp-json\/wp\/v2\/comments?post=4022"}],"version-history":[{"count":1,"href":"https:\/\/krankenhauspfarramt.de\/index.php\/wp-json\/wp\/v2\/posts\/4022\/revisions"}],"predecessor-version":[{"id":4024,"href":"https:\/\/krankenhauspfarramt.de\/index.php\/wp-json\/wp\/v2\/posts\/4022\/revisions\/4024"}],"wp:featuredmedia":[{"embeddable":true,"href":"https:\/\/krankenhauspfarramt.de\/index.php\/wp-json\/wp\/v2\/media\/4023"}],"wp:attachment":[{"href":"https:\/\/krankenhauspfarramt.de\/index.php\/wp-json\/wp\/v2\/media?parent=4022"}],"wp:term":[{"taxonomy":"category","embeddable":true,"href":"https:\/\/krankenhauspfarramt.de\/index.php\/wp-json\/wp\/v2\/categories?post=4022"},{"taxonomy":"post_tag","embeddable":true,"href":"https:\/\/krankenhauspfarramt.de\/index.php\/wp-json\/wp\/v2\/tags?post=4022"}],"curies":[{"name":"wp","href":"https:\/\/api.w.org\/{rel}","templated":true}]}}