{"id":4053,"date":"2022-01-05T19:47:33","date_gmt":"2022-01-05T19:47:33","guid":{"rendered":"https:\/\/krankenhauspfarramt.de\/index.php\/2022\/01\/05\/hermann-maas-medaille-fuer-initiative-meet-a-jew-ekd\/"},"modified":"2022-01-05T19:47:35","modified_gmt":"2022-01-05T19:47:35","slug":"hermann-maas-medaille-fuer-initiative-meet-a-jew-ekd","status":"publish","type":"post","link":"https:\/\/krankenhauspfarramt.de\/index.php\/2022\/01\/05\/hermann-maas-medaille-fuer-initiative-meet-a-jew-ekd\/","title":{"rendered":"Hermann-Maas-Medaille f\u00fcr Initiative \u201eMeet a Jew\u201c \u2013 EKD"},"content":{"rendered":"<p> <br \/>\n<\/p>\n<div>\n<p>Der Preis erinnert an den evangelischen Theologen Hermann Maas (1877-1970) und wird seit 1994 alle vier Jahre an Einzelpersonen, Gruppen oder Institutionen verliehen, die sich in \u00f6kumenischem Geist um den Dienst am N\u00e4chsten und um Verst\u00e4ndigung und Vers\u00f6hnung zwischen Religionen und V\u00f6lkern verdient gemacht haben.<\/p>\n<p>Maas wurde nach 1933 von den Nationalsozialisten wegen seines Einsatzes f\u00fcr die Vers\u00f6hnung mit den Juden mit Berufsverboten belegt und gezwungen, auf die Predigtt\u00e4tigkeit zu verzichten. Unter Einsatz seines Lebens verhalf er mehr als 1.700 Menschen zur Emigration.<\/p>\n<\/p><\/div>\n","protected":false},"excerpt":{"rendered":"<p>Der Preis erinnert an den evangelischen Theologen Hermann Maas (1877-1970) und wird seit 1994 alle vier Jahre an Einzelpersonen, Gruppen<\/p>\n","protected":false},"author":1,"featured_media":4054,"comment_status":"closed","ping_status":"closed","sticky":false,"template":"","format":"standard","meta":{"footnotes":""},"categories":[20],"tags":[],"_links":{"self":[{"href":"https:\/\/krankenhauspfarramt.de\/index.php\/wp-json\/wp\/v2\/posts\/4053"}],"collection":[{"href":"https:\/\/krankenhauspfarramt.de\/index.php\/wp-json\/wp\/v2\/posts"}],"about":[{"href":"https:\/\/krankenhauspfarramt.de\/index.php\/wp-json\/wp\/v2\/types\/post"}],"author":[{"embeddable":true,"href":"https:\/\/krankenhauspfarramt.de\/index.php\/wp-json\/wp\/v2\/users\/1"}],"replies":[{"embeddable":true,"href":"https:\/\/krankenhauspfarramt.de\/index.php\/wp-json\/wp\/v2\/comments?post=4053"}],"version-history":[{"count":1,"href":"https:\/\/krankenhauspfarramt.de\/index.php\/wp-json\/wp\/v2\/posts\/4053\/revisions"}],"predecessor-version":[{"id":4055,"href":"https:\/\/krankenhauspfarramt.de\/index.php\/wp-json\/wp\/v2\/posts\/4053\/revisions\/4055"}],"wp:featuredmedia":[{"embeddable":true,"href":"https:\/\/krankenhauspfarramt.de\/index.php\/wp-json\/wp\/v2\/media\/4054"}],"wp:attachment":[{"href":"https:\/\/krankenhauspfarramt.de\/index.php\/wp-json\/wp\/v2\/media?parent=4053"}],"wp:term":[{"taxonomy":"category","embeddable":true,"href":"https:\/\/krankenhauspfarramt.de\/index.php\/wp-json\/wp\/v2\/categories?post=4053"},{"taxonomy":"post_tag","embeddable":true,"href":"https:\/\/krankenhauspfarramt.de\/index.php\/wp-json\/wp\/v2\/tags?post=4053"}],"curies":[{"name":"wp","href":"https:\/\/api.w.org\/{rel}","templated":true}]}}