{"id":4066,"date":"2022-01-10T14:47:50","date_gmt":"2022-01-10T14:47:50","guid":{"rendered":"https:\/\/krankenhauspfarramt.de\/index.php\/2022\/01\/10\/kirchen-in-szene-setzen-ekd\/"},"modified":"2022-01-10T14:47:50","modified_gmt":"2022-01-10T14:47:50","slug":"kirchen-in-szene-setzen-ekd","status":"publish","type":"post","link":"https:\/\/krankenhauspfarramt.de\/index.php\/2022\/01\/10\/kirchen-in-szene-setzen-ekd\/","title":{"rendered":"\u201eKirchen in Szene setzen\u201c \u2013 EKD"},"content":{"rendered":"<p> <br \/>\n<\/p>\n<div id=\"\">\n<div class=\"article--meta article--meta__border clearfix\">\n<p>                                    <time datetime=\"10.01.2022 11:00\" class=\"article--time\">10.01.2022<\/time><strong class=\"article--type primus--overline\">Pressemitteilung<\/strong><\/p>\n<picture class=\"article--source-image image\"><source srcset=\"https:\/\/www.ekd.de\/ekd_de\/ds_img\/assets\/20170622_ekd-Quellenlogo_141_rdax_423x118.png\"><!--<source srcset=\"\/ekd_de\/ds_img\/assets\/20170622_ekd-Quellenlogo_141_rdax_141x39.png 1x, \/ekd_de\/ds_img\/assets\/20170622_ekd-Quellenlogo_141_rdax_282x78.png 2x, https:\/\/www.ekd.de\/ekd_de\/ds_img\/assets\/20170622_ekd-Quellenlogo_141_rdax_423x118.png 3x\">--><img decoding=\"async\" src=\"https:\/\/www.ekd.de\/ekd_de\/ds_img\/assets\/20170622_ekd-Quellenlogo_141_rdax_141x39.png\" alt=\"EKD Logo\" title=\"EKD Logo\"\/><\/source><\/picture>\n<\/p><\/div>\n<h2 class=\"article--sub-headline primus--sub-headline\">Fotowettbewerb von KD-Bank und Stiftung KiBa beginnt<\/h2>\n<\/p><\/div>\n<div id=\"\">\n<p>Auch in diesem Jahr laden die Stiftung zur Bewahrung kirchlicher Baudenkm\u00e4ler in Deutschland (Stiftung KiBa) und die Bank f\u00fcr Kirche und Diakonie zur Teilnahme an ihrem Fotowettbewerb ein. Ab sofort k\u00f6nnen Amateure und Profis kreative Aufnahmen von und aus Kirchengeb\u00e4uden einschicken. Einsendeschluss ist der 12. Mai 2022.<\/p>\n<p>\u201eKirchen in Szene setzen\u201c lautet das Motto auch des diesj\u00e4hrigen Fotowettbewerbs. Bis zu f\u00fcnf Aufnahmen k\u00f6nnen \u00fcber die Website der Stiftung hochgeladen werden. Eine Jury w\u00e4hlt aus allen Einsendungen die drei sch\u00f6nsten aus. Diese werden jeweils mit einem Preisgeld zwischen 100 und 300 Euro ausgezeichnet.<\/p>\n<p>\u201eDer Fotowettbewerb ist mittlerweile eine sch\u00f6ne Tradition geworden\u201c, sagt Catharina Hasenclever, die Gesch\u00e4ftsf\u00fchrerin der von der Evangelischen Kirche in Deutschland (EKD) gegr\u00fcndeten Stiftung KiBa. \u201eDie Zahl derjenigen, die mitmachen, w\u00e4chst. Das ist auch ein gutes Zeichen daf\u00fcr, dass wir als Gesellschaft unsere Gottesh\u00e4user keineswegs aus dem Blick verlieren. Sie geh\u00f6ren zu unserem Leben zweifellos dazu.\u201c<\/p>\n<p>Aus allen eingesandten Fotos werden zw\u00f6lf besonders sch\u00f6ne Motive f\u00fcr den Jahreskalender 2023 der Stiftung KiBa bestimmt. Weitere Informationen zur Teilnahme am Wettbewerb finden Sie unter www.stiftung-kiba.de\/fotowettbewerb.<\/p>\n<p><em>Die Stiftung zur Bewahrung kirchlicher Baudenkm\u00e4ler in Deutschland (Stiftung KiBa) ist eine Stiftung der EKD und der evangelischen Landeskirchen. Seit 1999 hat sie Zusagen f\u00fcr Sanierungsvorhaben in H\u00f6he von rund 35 Millionen Euro geben k\u00f6nnen. F\u00fcr dieses Jahr hat die KiBa F\u00f6rderzusagen \u00fcber rund 1,2 Millionen Euro vorgesehen. Mehr als 3.800 Mitglieder engagieren sich bundesweit im \u201eF\u00f6rderverein der Stiftung KiBa e. V.\u201c Weitere Informationen unter <\/em><em>www.stiftung-kiba.de<\/em><\/p>\n<p class=\"EKDAdressdaten\">Hannover, 10. Januar 2022<\/p>\n<p class=\"EKDAdressdaten\">Pressestelle der EKD<\/p>\n<\/div>\n","protected":false},"excerpt":{"rendered":"<p>10.01.2022Pressemitteilung Fotowettbewerb von KD-Bank und Stiftung KiBa beginnt Auch in diesem Jahr laden die Stiftung zur Bewahrung kirchlicher Baudenkm\u00e4ler in<\/p>\n","protected":false},"author":1,"featured_media":0,"comment_status":"closed","ping_status":"closed","sticky":false,"template":"","format":"standard","meta":{"footnotes":""},"categories":[20],"tags":[],"_links":{"self":[{"href":"https:\/\/krankenhauspfarramt.de\/index.php\/wp-json\/wp\/v2\/posts\/4066"}],"collection":[{"href":"https:\/\/krankenhauspfarramt.de\/index.php\/wp-json\/wp\/v2\/posts"}],"about":[{"href":"https:\/\/krankenhauspfarramt.de\/index.php\/wp-json\/wp\/v2\/types\/post"}],"author":[{"embeddable":true,"href":"https:\/\/krankenhauspfarramt.de\/index.php\/wp-json\/wp\/v2\/users\/1"}],"replies":[{"embeddable":true,"href":"https:\/\/krankenhauspfarramt.de\/index.php\/wp-json\/wp\/v2\/comments?post=4066"}],"version-history":[{"count":0,"href":"https:\/\/krankenhauspfarramt.de\/index.php\/wp-json\/wp\/v2\/posts\/4066\/revisions"}],"wp:attachment":[{"href":"https:\/\/krankenhauspfarramt.de\/index.php\/wp-json\/wp\/v2\/media?parent=4066"}],"wp:term":[{"taxonomy":"category","embeddable":true,"href":"https:\/\/krankenhauspfarramt.de\/index.php\/wp-json\/wp\/v2\/categories?post=4066"},{"taxonomy":"post_tag","embeddable":true,"href":"https:\/\/krankenhauspfarramt.de\/index.php\/wp-json\/wp\/v2\/tags?post=4066"}],"curies":[{"name":"wp","href":"https:\/\/api.w.org\/{rel}","templated":true}]}}