{"id":4067,"date":"2022-01-11T14:13:48","date_gmt":"2022-01-11T14:13:48","guid":{"rendered":"https:\/\/krankenhauspfarramt.de\/index.php\/2022\/01\/11\/medienpreis-der-evangelischen-kirche-mit-neuer-kategorie-online-ekd\/"},"modified":"2022-01-11T14:13:51","modified_gmt":"2022-01-11T14:13:51","slug":"medienpreis-der-evangelischen-kirche-mit-neuer-kategorie-online-ekd","status":"publish","type":"post","link":"https:\/\/krankenhauspfarramt.de\/index.php\/2022\/01\/11\/medienpreis-der-evangelischen-kirche-mit-neuer-kategorie-online-ekd\/","title":{"rendered":"Medienpreis der evangelischen Kirche mit neuer Kategorie \u201eonline\u201c \u2013 EKD"},"content":{"rendered":"<p> <br \/>\n<\/p>\n<div>\n<p>Ebenfalls neu sei, dass in der \u201eonline\u201c-Kategorie neben den Sendern auch Verantwortliche und Kreative eines Onlineformates wie Produzentinnen, Verleger, Autorinnen, Moderatoren und Regisseurinnen Beitr\u00e4ge einreichen k\u00f6nnten. Zudem k\u00f6nnten Videostreamingdienste ebenfalls in der Kategorie \u201eFernsehen\u201c Beitr\u00e4ge einreichen, das hei\u00dft, sie z\u00e4hlen neuerdings als \u201eSender\u201c. Zudem werde der \u201eKinderfernsehpreis\u201c zum \u201eKindermedienpreis\u201c umbenannt. Hier k\u00f6nnten neben Fernsehsendungen auch Radiosendungen und Onlineangebote f\u00fcr Kinder eingereicht werden. In den klassischen Kategorien des Robert Geisend\u00f6rfer Preises \u201eFernsehen\u201c und \u201eRadio\u201c bleibe es dabei, dass Radio- und Fernsehsender Beitr\u00e4ge einreichen k\u00f6nnten, hie\u00df es weiter.<\/p>\n<p>Neu im Kreis der Stifterinnen und Tr\u00e4ger ist laut Mitteilung die Evangelische Kirche in Hessen und Nassau mit der EKHN-Stiftung, die in die Jury des \u201eKindermedienpreises\u201c Irene Wellershoff als Jurorin entsendet. Cecilia Malmstr\u00f6m, Produzentin der UFA, und der Medienwissenschaftler Dominik Speck verst\u00e4rken die Vorjurys, die Programmdirektorin von Antenne Deutschland, Claudia Dinges, und Max Fraenkel von Studio Zentral unterst\u00fctzen die Jury in der Kategorie \u201eallgemeine Programme\u201c.<\/p>\n<p>Der Robert Geisend\u00f6rfer Preis wird seit 1983 j\u00e4hrlich im Gedenken an den Publizisten Robert Geisend\u00f6rfer (1910-1976) verliehen. Ausgezeichnet werden Sendungen und Onlineformate aus allen Programmsparten, die das pers\u00f6nliche und soziale Verantwortungsbewusstsein st\u00e4rken und zur gegenseitigen Achtung der Geschlechter beitragen. Mit dem Sonderpreis wird jeweils eine exemplarische publizistische oder k\u00fcnstlerische Leistung gew\u00fcrdigt. Die Preise sind mit insgesamt 40.000 Euro dotiert, der Sonderpreis ist undotiert.<\/p>\n<p>Das GEP, dem die organisatorische Betreuung des Preises obliegt, ist die zentrale Medieneinrichtung der Evangelischen Kirche in Deutschland (EKD), ihrer Landeskirchen und Werke sowie der evangelischen Freikirchen. Zum GEP geh\u00f6rt unter anderem die Zentralredaktion des Evangelischen Pressedienstes (epd).<\/p>\n<\/p><\/div>\n","protected":false},"excerpt":{"rendered":"<p>Ebenfalls neu sei, dass in der \u201eonline\u201c-Kategorie neben den Sendern auch Verantwortliche und Kreative eines Onlineformates wie Produzentinnen, Verleger, Autorinnen,<\/p>\n","protected":false},"author":1,"featured_media":4068,"comment_status":"closed","ping_status":"closed","sticky":false,"template":"","format":"standard","meta":{"footnotes":""},"categories":[20],"tags":[],"_links":{"self":[{"href":"https:\/\/krankenhauspfarramt.de\/index.php\/wp-json\/wp\/v2\/posts\/4067"}],"collection":[{"href":"https:\/\/krankenhauspfarramt.de\/index.php\/wp-json\/wp\/v2\/posts"}],"about":[{"href":"https:\/\/krankenhauspfarramt.de\/index.php\/wp-json\/wp\/v2\/types\/post"}],"author":[{"embeddable":true,"href":"https:\/\/krankenhauspfarramt.de\/index.php\/wp-json\/wp\/v2\/users\/1"}],"replies":[{"embeddable":true,"href":"https:\/\/krankenhauspfarramt.de\/index.php\/wp-json\/wp\/v2\/comments?post=4067"}],"version-history":[{"count":1,"href":"https:\/\/krankenhauspfarramt.de\/index.php\/wp-json\/wp\/v2\/posts\/4067\/revisions"}],"predecessor-version":[{"id":4069,"href":"https:\/\/krankenhauspfarramt.de\/index.php\/wp-json\/wp\/v2\/posts\/4067\/revisions\/4069"}],"wp:featuredmedia":[{"embeddable":true,"href":"https:\/\/krankenhauspfarramt.de\/index.php\/wp-json\/wp\/v2\/media\/4068"}],"wp:attachment":[{"href":"https:\/\/krankenhauspfarramt.de\/index.php\/wp-json\/wp\/v2\/media?parent=4067"}],"wp:term":[{"taxonomy":"category","embeddable":true,"href":"https:\/\/krankenhauspfarramt.de\/index.php\/wp-json\/wp\/v2\/categories?post=4067"},{"taxonomy":"post_tag","embeddable":true,"href":"https:\/\/krankenhauspfarramt.de\/index.php\/wp-json\/wp\/v2\/tags?post=4067"}],"curies":[{"name":"wp","href":"https:\/\/api.w.org\/{rel}","templated":true}]}}