{"id":4091,"date":"2022-01-21T13:08:01","date_gmt":"2022-01-21T13:08:01","guid":{"rendered":"https:\/\/krankenhauspfarramt.de\/index.php\/2022\/01\/21\/zum-60-geburtstag-von-dr-christoph-meyns-ekd\/"},"modified":"2022-01-21T13:08:01","modified_gmt":"2022-01-21T13:08:01","slug":"zum-60-geburtstag-von-dr-christoph-meyns-ekd","status":"publish","type":"post","link":"https:\/\/krankenhauspfarramt.de\/index.php\/2022\/01\/21\/zum-60-geburtstag-von-dr-christoph-meyns-ekd\/","title":{"rendered":"Zum 60. Geburtstag von Dr. Christoph Meyns \u2013 EKD"},"content":{"rendered":"<p> <br \/>\n<\/p>\n<div id=\"\">\n<div class=\"article--meta article--meta__border clearfix\">\n<p>                                    <time datetime=\"21.01.2022 10:00\" class=\"article--time\">21.01.2022<\/time><strong class=\"article--type primus--overline\">Pressemitteilung<\/strong><\/p>\n<picture class=\"article--source-image image\"><source srcset=\"https:\/\/www.ekd.de\/ekd_de\/ds_img\/assets\/velkd.jpg\"><!--<source srcset=\"\/ekd_de\/ds_img\/assets\/velkd_rdax_141x141.jpg 1x, \/ekd_de\/ds_img\/assets\/velkd_rdax_282x282.jpg 2x, https:\/\/www.ekd.de\/ekd_de\/ds_img\/assets\/velkd.jpg 3x\">--><img decoding=\"async\" src=\"https:\/\/www.ekd.de\/ekd_de\/ds_img\/assets\/velkd_rdax_141x141.jpg\" alt=\"Logo Vereinigte Evangelisch-Lutherische Kirche Deutschlands\" title=\"Logo Vereinigte Evangelisch-Lutherische Kirche Deutschlands\"\/><\/source><\/picture>\n<\/p><\/div>\n<h2 class=\"article--sub-headline primus--sub-headline\">Leitender Bischof der VELKD gratuliert Braunschweiger Landesbischof<\/h2>\n<\/p><\/div>\n<div id=\"\">\n<p>Der Leitende Bischof der Vereinigten Evangelisch-Lutherischen Kirche Deutschlands (VELKD), Landesbischof Ralf Meister, gratuliert dem Landesbischof der Evangelisch-lutherischen Landeskirche in Braunschweig, Dr.\u00a0Christoph Meyns, im Namen der Bischofskonferenz der VELKD zum 60.\u00a0Geburtstag am 22. Januar 2022.<\/p>\n<p style=\"margin-right:8.1pt\">\u201eWir sch\u00e4tzen Christoph Meyns sehr als Kollegen und Freund im Kreis der Bisch\u00f6finnen und Bisch\u00f6fe. Seine klugen theologischen Beitr\u00e4ge, seine treffsicheren Analysen, sein Engagement f\u00fcr gesellschaftspolitisch relevante Fragen bereichern unsere Debatten. Auch wenn ihn kirchliche Reformprozesse schon viele Jahre und Jahrzehnte begleiten, ist er nicht m\u00fcde geworden, sich mit Fragen der Zukunftsentwicklung unserer Kirche auseinanderzusetzen und sich in vielen Bereichen \u00fcber seine Landeskirche hinaus zu engagieren.\u201c<\/p>\n<p><span style=\"line-height:14pt\">Hannover, 21. Januar 2022<\/span><\/p>\n<p class=\"VELKDFlietext\"><span style=\"line-height:14pt\">Pressestelle der VELKD<\/span><br \/><span style=\"line-height:14pt\">Henrike M\u00fcller<\/span><\/p>\n<\/div>\n","protected":false},"excerpt":{"rendered":"<p>21.01.2022Pressemitteilung Leitender Bischof der VELKD gratuliert Braunschweiger Landesbischof Der Leitende Bischof der Vereinigten Evangelisch-Lutherischen Kirche Deutschlands (VELKD), Landesbischof Ralf Meister,<\/p>\n","protected":false},"author":1,"featured_media":0,"comment_status":"closed","ping_status":"closed","sticky":false,"template":"","format":"standard","meta":{"footnotes":""},"categories":[20],"tags":[],"_links":{"self":[{"href":"https:\/\/krankenhauspfarramt.de\/index.php\/wp-json\/wp\/v2\/posts\/4091"}],"collection":[{"href":"https:\/\/krankenhauspfarramt.de\/index.php\/wp-json\/wp\/v2\/posts"}],"about":[{"href":"https:\/\/krankenhauspfarramt.de\/index.php\/wp-json\/wp\/v2\/types\/post"}],"author":[{"embeddable":true,"href":"https:\/\/krankenhauspfarramt.de\/index.php\/wp-json\/wp\/v2\/users\/1"}],"replies":[{"embeddable":true,"href":"https:\/\/krankenhauspfarramt.de\/index.php\/wp-json\/wp\/v2\/comments?post=4091"}],"version-history":[{"count":0,"href":"https:\/\/krankenhauspfarramt.de\/index.php\/wp-json\/wp\/v2\/posts\/4091\/revisions"}],"wp:attachment":[{"href":"https:\/\/krankenhauspfarramt.de\/index.php\/wp-json\/wp\/v2\/media?parent=4091"}],"wp:term":[{"taxonomy":"category","embeddable":true,"href":"https:\/\/krankenhauspfarramt.de\/index.php\/wp-json\/wp\/v2\/categories?post=4091"},{"taxonomy":"post_tag","embeddable":true,"href":"https:\/\/krankenhauspfarramt.de\/index.php\/wp-json\/wp\/v2\/tags?post=4091"}],"curies":[{"name":"wp","href":"https:\/\/api.w.org\/{rel}","templated":true}]}}