{"id":4100,"date":"2022-01-31T14:42:59","date_gmt":"2022-01-31T14:42:59","guid":{"rendered":"https:\/\/krankenhauspfarramt.de\/index.php\/2022\/01\/31\/beten-waehrend-der-fastenzeit-bewusst-ueben-ekd\/"},"modified":"2022-01-31T14:42:59","modified_gmt":"2022-01-31T14:42:59","slug":"beten-waehrend-der-fastenzeit-bewusst-ueben-ekd","status":"publish","type":"post","link":"https:\/\/krankenhauspfarramt.de\/index.php\/2022\/01\/31\/beten-waehrend-der-fastenzeit-bewusst-ueben-ekd\/","title":{"rendered":"Beten w\u00e4hrend der Fastenzeit bewusst \u00fcben \u2013 EKD"},"content":{"rendered":"<p> <br \/>\n<\/p>\n<div>\n<p>Ein ehrliches Gespr\u00e4ch mit Gott k\u00f6nne Vertrauen schenken und Raum schaffen, um Verantwortung abzugeben, erkl\u00e4rte Heinrich. St\u00f6rende Dinge k\u00f6nne ein Betender auf diesem Weg in die H\u00e4nde Gottes legen.<\/p>\n<p>Jedoch sei das Beten \u201ein unserer Gesellschaft &#8211; au\u00dfer in Gottesdiensten &#8211; nahezu vollst\u00e4ndig aus dem \u00f6ffentlichen Leben verschwunden\u201c, kritisierte Heinrich. Wenn \u00fcberhaupt, beteten Menschen im Privaten, f\u00fcr sich alleine, zu Hause. \u201eWie sollen andere, die nicht schon von klein auf eine Gebetspraxis im famili\u00e4ren Kontext einge\u00fcbt haben, einen Zugang dazu finden, wenn es immer nur im stillen K\u00e4mmerchen stattfindet?\u201c<\/p>\n<p>Heinrich ist seit 2021 die bislang j\u00fcngste Vorsitzende der EKD-Synode. Die Organisatoren und Organisatorinnen der evangelischen Fastenaktion \u201e7 Wochen Ohne\u201c rufen j\u00e4hrlich dazu auf, w\u00e4hrend Fastenzeit von Aschermittwoch (2. M\u00e4rz) bis Ostern (17. April) mehr Weite im Leben zu entdecken.<\/p>\n<\/p><\/div>\n","protected":false},"excerpt":{"rendered":"<p>Ein ehrliches Gespr\u00e4ch mit Gott k\u00f6nne Vertrauen schenken und Raum schaffen, um Verantwortung abzugeben, erkl\u00e4rte Heinrich. St\u00f6rende Dinge k\u00f6nne ein<\/p>\n","protected":false},"author":1,"featured_media":0,"comment_status":"closed","ping_status":"closed","sticky":false,"template":"","format":"standard","meta":{"footnotes":""},"categories":[20],"tags":[],"_links":{"self":[{"href":"https:\/\/krankenhauspfarramt.de\/index.php\/wp-json\/wp\/v2\/posts\/4100"}],"collection":[{"href":"https:\/\/krankenhauspfarramt.de\/index.php\/wp-json\/wp\/v2\/posts"}],"about":[{"href":"https:\/\/krankenhauspfarramt.de\/index.php\/wp-json\/wp\/v2\/types\/post"}],"author":[{"embeddable":true,"href":"https:\/\/krankenhauspfarramt.de\/index.php\/wp-json\/wp\/v2\/users\/1"}],"replies":[{"embeddable":true,"href":"https:\/\/krankenhauspfarramt.de\/index.php\/wp-json\/wp\/v2\/comments?post=4100"}],"version-history":[{"count":0,"href":"https:\/\/krankenhauspfarramt.de\/index.php\/wp-json\/wp\/v2\/posts\/4100\/revisions"}],"wp:attachment":[{"href":"https:\/\/krankenhauspfarramt.de\/index.php\/wp-json\/wp\/v2\/media?parent=4100"}],"wp:term":[{"taxonomy":"category","embeddable":true,"href":"https:\/\/krankenhauspfarramt.de\/index.php\/wp-json\/wp\/v2\/categories?post=4100"},{"taxonomy":"post_tag","embeddable":true,"href":"https:\/\/krankenhauspfarramt.de\/index.php\/wp-json\/wp\/v2\/tags?post=4100"}],"curies":[{"name":"wp","href":"https:\/\/api.w.org\/{rel}","templated":true}]}}