{"id":4101,"date":"2022-01-31T18:44:20","date_gmt":"2022-01-31T18:44:20","guid":{"rendered":"https:\/\/krankenhauspfarramt.de\/index.php\/2022\/01\/31\/bischof-kramer-entschuldigt-sich-bei-der-queeren-gemeinschaft-ekd\/"},"modified":"2022-01-31T18:44:22","modified_gmt":"2022-01-31T18:44:22","slug":"bischof-kramer-entschuldigt-sich-bei-der-queeren-gemeinschaft-ekd","status":"publish","type":"post","link":"https:\/\/krankenhauspfarramt.de\/index.php\/2022\/01\/31\/bischof-kramer-entschuldigt-sich-bei-der-queeren-gemeinschaft-ekd\/","title":{"rendered":"Bischof Kramer entschuldigt sich bei der queeren Gemeinschaft \u2013 EKD"},"content":{"rendered":"<p> <br \/>\n<\/p>\n<div>\n<p>Das Schuldeingest\u00e4ndnis gegen\u00fcber der sogenannten queeren Gemeinschaft sei Teil eines aufgezeichneten Gottesdienstes der EKM-OnlineKirche im Queer-History-Month. Unter dem Motto \u201eVielfalt und Glaube\u201c werbe Kramer f\u00fcr Umkehr und Erneuerung.<\/p>\n<p>Das Schuldbekenntnis beginne mit dem Satz: \u201eIch bekenne f\u00fcr unsere Kirche, wir haben uns schuldig gemacht, indem wir die Vielfalt der g\u00f6ttlichen Sch\u00f6pfung nicht wahrgenommen und wertgesch\u00e4tzt haben, sondern sie abgewertet haben\u201c. Er entschuldige sich f\u00fcr das Beitragen und das Schweigen zu Ausgrenzung, Diskriminierung, Leid, Verfolgung bis hin zu Verletzung und Ermordung in der Vergangenheit. Er bitte um Vergebung und rufe zu einem Wandel im Denken und Tun auf.<\/p>\n<p>Der Begriff \u201equeer\u201c wird heute positiv als Selbstbezeichnung von und f\u00fcr Menschen gebraucht, die ihre Identit\u00e4t als \u201eau\u00dferhalb der gesellschaftlichen Norm\u201c etwa als lesbisch, schwul, bisexuell, trans und intersexuell ansehen. Au\u00dferdem kann er als \u00dcberbegriff f\u00fcr alle benutzt werden, die nicht in die g\u00e4ngigen geschlechtlichen Normen passen. Der Queer-History-Month findet in vielen L\u00e4ndern im Februar statt, um f\u00fcr Teilhabe zu werben.<\/p>\n<\/p><\/div>\n","protected":false},"excerpt":{"rendered":"<p>Das Schuldeingest\u00e4ndnis gegen\u00fcber der sogenannten queeren Gemeinschaft sei Teil eines aufgezeichneten Gottesdienstes der EKM-OnlineKirche im Queer-History-Month. Unter dem Motto \u201eVielfalt<\/p>\n","protected":false},"author":1,"featured_media":4102,"comment_status":"closed","ping_status":"closed","sticky":false,"template":"","format":"standard","meta":{"footnotes":""},"categories":[20],"tags":[],"_links":{"self":[{"href":"https:\/\/krankenhauspfarramt.de\/index.php\/wp-json\/wp\/v2\/posts\/4101"}],"collection":[{"href":"https:\/\/krankenhauspfarramt.de\/index.php\/wp-json\/wp\/v2\/posts"}],"about":[{"href":"https:\/\/krankenhauspfarramt.de\/index.php\/wp-json\/wp\/v2\/types\/post"}],"author":[{"embeddable":true,"href":"https:\/\/krankenhauspfarramt.de\/index.php\/wp-json\/wp\/v2\/users\/1"}],"replies":[{"embeddable":true,"href":"https:\/\/krankenhauspfarramt.de\/index.php\/wp-json\/wp\/v2\/comments?post=4101"}],"version-history":[{"count":1,"href":"https:\/\/krankenhauspfarramt.de\/index.php\/wp-json\/wp\/v2\/posts\/4101\/revisions"}],"predecessor-version":[{"id":4103,"href":"https:\/\/krankenhauspfarramt.de\/index.php\/wp-json\/wp\/v2\/posts\/4101\/revisions\/4103"}],"wp:featuredmedia":[{"embeddable":true,"href":"https:\/\/krankenhauspfarramt.de\/index.php\/wp-json\/wp\/v2\/media\/4102"}],"wp:attachment":[{"href":"https:\/\/krankenhauspfarramt.de\/index.php\/wp-json\/wp\/v2\/media?parent=4101"}],"wp:term":[{"taxonomy":"category","embeddable":true,"href":"https:\/\/krankenhauspfarramt.de\/index.php\/wp-json\/wp\/v2\/categories?post=4101"},{"taxonomy":"post_tag","embeddable":true,"href":"https:\/\/krankenhauspfarramt.de\/index.php\/wp-json\/wp\/v2\/tags?post=4101"}],"curies":[{"name":"wp","href":"https:\/\/api.w.org\/{rel}","templated":true}]}}