{"id":4129,"date":"2022-02-03T11:48:17","date_gmt":"2022-02-03T11:48:17","guid":{"rendered":"https:\/\/krankenhauspfarramt.de\/index.php\/2022\/02\/03\/landeskirchen-wollen-zum-friedensdiskurs-im-nahost-konflikt-beitragen-ekd\/"},"modified":"2022-02-03T11:48:19","modified_gmt":"2022-02-03T11:48:19","slug":"landeskirchen-wollen-zum-friedensdiskurs-im-nahost-konflikt-beitragen-ekd","status":"publish","type":"post","link":"https:\/\/krankenhauspfarramt.de\/index.php\/2022\/02\/03\/landeskirchen-wollen-zum-friedensdiskurs-im-nahost-konflikt-beitragen-ekd\/","title":{"rendered":"Landeskirchen wollen zum Friedensdiskurs im Nahost-Konflikt beitragen \u2013 EKD"},"content":{"rendered":"<p> <br \/>\n<\/p>\n<div>\n<p>Der Text betont die besondere Verbundenheit der christlichen Kirchen mit dem Judentum und dem Staat Israel und unterst\u00fctzt zugleich das Streben der Pal\u00e4stinenser nach staatlicher Souver\u00e4nit\u00e4t. Einen umfassenden Waren-Boykott wegen der israelischen Siedlungspolitik in den besetzten Pal\u00e4stinensergebieten lehnen die Kirchen ab. Zudem d\u00fcrfe Religion nicht zur Legitimierung von politischen Machtanspr\u00fcchen missbraucht werden. \u201eVers\u00f6hnung wird nur m\u00f6glich sein \u00fcber ein gegenseitiges Anteilnehmen und -geben an den je eigenen Perspektiven und den je anderen Narrativen\u201c, hei\u00dft es in dem Papier.<\/p>\n<p>Vor dem Hintergrund der jahrhundertelangen gemeinsamen Geschichte mit dem j\u00fcdischen Volk gebe es f\u00fcr die christliche Kirche die Verpflichtung, die aktuelle Situation im Nahen Osten ausgewogen, differenziert und empathisch zu betrachten, sagte die pf\u00e4lzische Kirchenpr\u00e4sidentin Dorothee W\u00fcst. Das Papier solle auch der Meinungsbildung und Verst\u00e4ndigung in den interreligi\u00f6sen Foren der Landeskirchen dienen.<\/p>\n<p>\u201eDie St\u00e4rke der &#8218;Leitgedanken&#8216; liegt in ihrer differenzierten Betrachtung, die alle Beteiligten im Blick beh\u00e4lt\u201c, sagte die westf\u00e4lische Pr\u00e4ses Annette Kurschus, die auch Ratsvorsitzende der Evangelischen Kirche in Deutschland (EKD) ist. Das Positionspapier ermutigt nach den Worten des badischen Landesbischofs Jochen Cornelius-Bundschuh dazu, im Nahost-Konflikt \u201eAmbivalenzen auszuhalten, aber auch Schritte in Richtung auf eine gemeinsame Sicherheit, auf eine St\u00e4rkung der Menschenrechte und hin zum Frieden zu wagen\u201c.<\/p>\n<\/p><\/div>\n","protected":false},"excerpt":{"rendered":"<p>Der Text betont die besondere Verbundenheit der christlichen Kirchen mit dem Judentum und dem Staat Israel und unterst\u00fctzt zugleich das<\/p>\n","protected":false},"author":1,"featured_media":4130,"comment_status":"closed","ping_status":"closed","sticky":false,"template":"","format":"standard","meta":{"footnotes":""},"categories":[20],"tags":[],"_links":{"self":[{"href":"https:\/\/krankenhauspfarramt.de\/index.php\/wp-json\/wp\/v2\/posts\/4129"}],"collection":[{"href":"https:\/\/krankenhauspfarramt.de\/index.php\/wp-json\/wp\/v2\/posts"}],"about":[{"href":"https:\/\/krankenhauspfarramt.de\/index.php\/wp-json\/wp\/v2\/types\/post"}],"author":[{"embeddable":true,"href":"https:\/\/krankenhauspfarramt.de\/index.php\/wp-json\/wp\/v2\/users\/1"}],"replies":[{"embeddable":true,"href":"https:\/\/krankenhauspfarramt.de\/index.php\/wp-json\/wp\/v2\/comments?post=4129"}],"version-history":[{"count":1,"href":"https:\/\/krankenhauspfarramt.de\/index.php\/wp-json\/wp\/v2\/posts\/4129\/revisions"}],"predecessor-version":[{"id":4131,"href":"https:\/\/krankenhauspfarramt.de\/index.php\/wp-json\/wp\/v2\/posts\/4129\/revisions\/4131"}],"wp:featuredmedia":[{"embeddable":true,"href":"https:\/\/krankenhauspfarramt.de\/index.php\/wp-json\/wp\/v2\/media\/4130"}],"wp:attachment":[{"href":"https:\/\/krankenhauspfarramt.de\/index.php\/wp-json\/wp\/v2\/media?parent=4129"}],"wp:term":[{"taxonomy":"category","embeddable":true,"href":"https:\/\/krankenhauspfarramt.de\/index.php\/wp-json\/wp\/v2\/categories?post=4129"},{"taxonomy":"post_tag","embeddable":true,"href":"https:\/\/krankenhauspfarramt.de\/index.php\/wp-json\/wp\/v2\/tags?post=4129"}],"curies":[{"name":"wp","href":"https:\/\/api.w.org\/{rel}","templated":true}]}}