{"id":4166,"date":"2022-02-15T12:23:15","date_gmt":"2022-02-15T12:23:15","guid":{"rendered":"https:\/\/krankenhauspfarramt.de\/index.php\/2022\/02\/15\/autorin-huppertz-bekommt-evangelischen-buchpreis-ekd\/"},"modified":"2022-02-15T12:23:17","modified_gmt":"2022-02-15T12:23:17","slug":"autorin-huppertz-bekommt-evangelischen-buchpreis-ekd","status":"publish","type":"post","link":"https:\/\/krankenhauspfarramt.de\/index.php\/2022\/02\/15\/autorin-huppertz-bekommt-evangelischen-buchpreis-ekd\/","title":{"rendered":"Autorin Huppertz bekommt Evangelischen Buchpreis \u2013 EKD"},"content":{"rendered":"<p> <br \/>\n<\/p>\n<div id=\"\">\n<p>G\u00f6ttingen (epd). Die Autorin Nikola Huppertz erh\u00e4lt den mit 5.000 Euro dotierten Evangelischen Buchpreis. Das Evangelische Literaturportal ehrt Huppertz f\u00fcr ihr Jugendbuch \u201eSch\u00f6n wie die Acht\u201c, das im vergangenen Jahr im Verlag Tulipan erschienen ist, wie der Vorsitzende des Literaturportals, der hannoversche Landesbischof Ralf Meister, am Montag bekannt gab. Der Preis wird zum 44. Mal verliehen und soll Huppertz am 1. Juni in der Marktkirche in Hannover \u00fcberreicht werden.<\/p>\n<p>Eine Jury w\u00e4hlte den Angaben zufolge das Buch unter 124 Vorschl\u00e4gen aus. Der Jury-Vorsitzende Christopher Krieghoff sagte, die Autorin erz\u00e4hle beeindruckend die Entwicklung von der sp\u00e4ten Kindheit zur \u201eemotional aufw\u00fchlenden und verunsichernden Phase\u201c der Pubert\u00e4t. \u201eNikola Huppertz ist ein sprachkreatives, thematisch heutiges und fl\u00fcssig zu lesendes Buch gelungen, das in der schwierigen Phase zwischen Kindheit und Jugend helfen kann, die vielen Ver\u00e4nderungen und Eindr\u00fccke wahrzunehmen und zu verarbeiten\u201c, erkl\u00e4rte er.<\/p>\n<\/div>\n<div id=\"\"><!-- SRC:  --><\/p>\n<aside class=\"article--aside quintus teaser teaser__related rs_skip rs_preserve\">\n<div class=\"teaser--article teaser--content\">\n<figure class=\"teaser--image\"><picture><source media=\"(max-width:935px)\" srcset=\"https:\/\/www.ekd.de\/ekd_de\/ds_img\/assets_2835_x\/20201024-epd_00442641-ev-buchpreis-scheuer-borschemeyer-2835x1596_rdax_945x532.jpg 1x, https:\/\/www.ekd.de\/ekd_de\/ds_img\/assets_2835_x\/20201024-epd_00442641-ev-buchpreis-scheuer-borschemeyer-2835x1596_rdax_1890x1064.jpg 2x, https:\/\/www.ekd.de\/ekd_de\/ds_img\/assets_2835_x\/20201024-epd_00442641-ev-buchpreis-scheuer-borschemeyer-2835x1596.jpg 3x\"><source media=\"(min-width:934px)\" srcset=\"https:\/\/www.ekd.de\/ekd_de\/ds_img\/assets_2835_x\/20201024-epd_00442641-ev-buchpreis-scheuer-borschemeyer-2835x1596_rdax_945x532.jpg 1x, https:\/\/www.ekd.de\/ekd_de\/ds_img\/assets_2835_x\/20201024-epd_00442641-ev-buchpreis-scheuer-borschemeyer-2835x1596_rdax_1890x1064.jpg 2x, https:\/\/www.ekd.de\/ekd_de\/ds_img\/assets_2835_x\/20201024-epd_00442641-ev-buchpreis-scheuer-borschemeyer-2835x1596.jpg 3x\"><\/source><\/source><\/picture><figcaption\/><\/figure>\n<p class=\"quintus--text teaser--text\">Der Schriftsteller Norbert Scheuer ist f\u00fcr seinen Roman \u201eWinterbienen\u201c mit dem Evangelischen Buchpreis ausgezeichnet worden. Der hannoversche Landesbischof Ralf Meister, Vorsitzender des Evangelischen Literaturportals, \u00fcberreichte den mit 5.000 Euro dotierten Preis, der seit 1979 vergeben wird, in der Matth\u00e4ikirche der Kirchengemeinde Hardtberg.<\/p>\n<\/p><\/div>\n<\/aside>\n<div class=\"article--content\">\n<p>Huppertz wurde den Angaben zufolge 1976 in M\u00f6nchengladbach geboren. Sie studierte Violine an der Folkwang-Hochschule Essen\/Duisburg und Psychologie an der Humboldt-Uni in Berlin und war Stipendiatin der Studienstiftung des deutschen Volkes. Mit dem Manuskript zu ihrem Deb\u00fctroman \u201eKarla, Seng\u00fcl und das Fenster zur Welt\u201c gewann sie den Literaturwettbewerb der Bonner Buchmesse Migration. Seitdem hat sie zahlreiche Kinder- und Jugendb\u00fccher, Gedichte und Kurzprosa in Literaturzeitschriften sowie Geschichten f\u00fcr den Rundfunk ver\u00f6ffentlicht und wurde mehrfach ausgezeichnet. Sie lebt mit ihrer Familie in Hannover.<\/p>\n<p>Der Evangelische Buchpreis wird seit 1979 vom Literaturportal als Dachverband evangelischer \u00f6ffentlicher B\u00fcchereien verliehen. Die Jury w\u00e4hlte neben dem Preisbuch zw\u00f6lf weitere Titel f\u00fcr eine Empfehlungsliste aus.<\/p>\n<\/p><\/div>\n<\/div>\n<div id=\"\">\n<div class=\"article--downloads download\">\n<figure class=\"image image__float\" style=\"z-index: 4; position: relative;\"><picture><source srcset=\"https:\/\/www.ekd.de\/ekd_de\/ds_img\/assets_789_x\/eliport-screen_rdax_263x74_60.jpg 1x, https:\/\/www.ekd.de\/ekd_de\/ds_img\/assets_789_x\/eliport-screen_rdax_526x149_60.jpg 2x, https:\/\/www.ekd.de\/ekd_de\/ds_img\/assets_789_x\/eliport-screen_rdax_60.jpg 3x\"><img decoding=\"async\" src=\"https:\/\/www.ekd.de\/ekd_de\/ds_img\/assets_789_x\/eliport-screen_rdax_263x74_60.jpg\" alt=\"Logo eliport\" title=\"Logo eliport\"\/><\/source><\/picture>\n<\/figure>\n<p><strong>Das Evangelische Literaturportal &#8211; eliport<\/strong><\/p>\n<\/p><\/div>\n<\/div>\n","protected":false},"excerpt":{"rendered":"<p>G\u00f6ttingen (epd). Die Autorin Nikola Huppertz erh\u00e4lt den mit 5.000 Euro dotierten Evangelischen Buchpreis. Das Evangelische Literaturportal ehrt Huppertz f\u00fcr<\/p>\n","protected":false},"author":1,"featured_media":4167,"comment_status":"closed","ping_status":"closed","sticky":false,"template":"","format":"standard","meta":{"footnotes":""},"categories":[20],"tags":[],"_links":{"self":[{"href":"https:\/\/krankenhauspfarramt.de\/index.php\/wp-json\/wp\/v2\/posts\/4166"}],"collection":[{"href":"https:\/\/krankenhauspfarramt.de\/index.php\/wp-json\/wp\/v2\/posts"}],"about":[{"href":"https:\/\/krankenhauspfarramt.de\/index.php\/wp-json\/wp\/v2\/types\/post"}],"author":[{"embeddable":true,"href":"https:\/\/krankenhauspfarramt.de\/index.php\/wp-json\/wp\/v2\/users\/1"}],"replies":[{"embeddable":true,"href":"https:\/\/krankenhauspfarramt.de\/index.php\/wp-json\/wp\/v2\/comments?post=4166"}],"version-history":[{"count":1,"href":"https:\/\/krankenhauspfarramt.de\/index.php\/wp-json\/wp\/v2\/posts\/4166\/revisions"}],"predecessor-version":[{"id":4168,"href":"https:\/\/krankenhauspfarramt.de\/index.php\/wp-json\/wp\/v2\/posts\/4166\/revisions\/4168"}],"wp:featuredmedia":[{"embeddable":true,"href":"https:\/\/krankenhauspfarramt.de\/index.php\/wp-json\/wp\/v2\/media\/4167"}],"wp:attachment":[{"href":"https:\/\/krankenhauspfarramt.de\/index.php\/wp-json\/wp\/v2\/media?parent=4166"}],"wp:term":[{"taxonomy":"category","embeddable":true,"href":"https:\/\/krankenhauspfarramt.de\/index.php\/wp-json\/wp\/v2\/categories?post=4166"},{"taxonomy":"post_tag","embeddable":true,"href":"https:\/\/krankenhauspfarramt.de\/index.php\/wp-json\/wp\/v2\/tags?post=4166"}],"curies":[{"name":"wp","href":"https:\/\/api.w.org\/{rel}","templated":true}]}}