{"id":4172,"date":"2022-02-16T12:41:28","date_gmt":"2022-02-16T12:41:28","guid":{"rendered":"https:\/\/krankenhauspfarramt.de\/index.php\/2022\/02\/16\/alles-fuer-entspannung-in-ukraine-streit-tun-ekd\/"},"modified":"2022-02-16T12:41:30","modified_gmt":"2022-02-16T12:41:30","slug":"alles-fuer-entspannung-in-ukraine-streit-tun-ekd","status":"publish","type":"post","link":"https:\/\/krankenhauspfarramt.de\/index.php\/2022\/02\/16\/alles-fuer-entspannung-in-ukraine-streit-tun-ekd\/","title":{"rendered":"Alles f\u00fcr Entspannung in Ukraine-Streit tun \u2013 EKD"},"content":{"rendered":"<p> <br \/>\n<\/p>\n<div>\n<p>\u201eIch glaube, man sollte Au\u00dfenpolitik nicht moralisch, sondern ganz n\u00fcchtern pragmatisch betreiben\u201c, sagte der Landesbischof der Evangelischen Kirche in Mitteldeutschland. Es gehe darum, weiter zu reden und alle diplomatischen M\u00f6glichkeiten auszuloten. Dabei m\u00fcssten die berechtigten Sicherheitsinteressen aller Beteiligten anerkannt und ber\u00fccksichtigt und eine langfristige L\u00f6sung f\u00fcr eine friedliche Zukunft erarbeitet werden.<\/p>\n<p>Die Kirchengemeinden in Deutschland rief Kramer zu weiteren Friedensgebeten auf. \u201eDie Gefahr eines Krieges zwischen Russland und der Ukraine bewegt viele Menschen und erf\u00fcllt sie mit Sorge\u201c, erkl\u00e4rte er. \u201eIn den Friedensgebeten wollen wir unsere \u00c4ngste und Sorgen vor Gott bringen.\u201c Gut und wichtig sei, dass auch russische und ukrainische Friedensaktivisten ein Ende der Eskalation an der Grenze fordern.<\/p>\n<p>Der EKD-Friedensbeauftragte bekr\u00e4ftigte seine ablehnende Haltung zu Waffenlieferungen an die Ukraine. \u201eWaffen k\u00f6nnen kein Weg zum Frieden sein, darum w\u00e4ren Waffenexporte in Krisenregionen falsch\u201c, betonte er. \u201eEs ist jetzt die Zeit f\u00fcr Gespr\u00e4che, nicht f\u00fcr Waffen.\u201c<\/p>\n<\/p><\/div>\n","protected":false},"excerpt":{"rendered":"<p>\u201eIch glaube, man sollte Au\u00dfenpolitik nicht moralisch, sondern ganz n\u00fcchtern pragmatisch betreiben\u201c, sagte der Landesbischof der Evangelischen Kirche in Mitteldeutschland.<\/p>\n","protected":false},"author":1,"featured_media":4098,"comment_status":"closed","ping_status":"closed","sticky":false,"template":"","format":"standard","meta":{"footnotes":""},"categories":[20],"tags":[],"_links":{"self":[{"href":"https:\/\/krankenhauspfarramt.de\/index.php\/wp-json\/wp\/v2\/posts\/4172"}],"collection":[{"href":"https:\/\/krankenhauspfarramt.de\/index.php\/wp-json\/wp\/v2\/posts"}],"about":[{"href":"https:\/\/krankenhauspfarramt.de\/index.php\/wp-json\/wp\/v2\/types\/post"}],"author":[{"embeddable":true,"href":"https:\/\/krankenhauspfarramt.de\/index.php\/wp-json\/wp\/v2\/users\/1"}],"replies":[{"embeddable":true,"href":"https:\/\/krankenhauspfarramt.de\/index.php\/wp-json\/wp\/v2\/comments?post=4172"}],"version-history":[{"count":1,"href":"https:\/\/krankenhauspfarramt.de\/index.php\/wp-json\/wp\/v2\/posts\/4172\/revisions"}],"predecessor-version":[{"id":4173,"href":"https:\/\/krankenhauspfarramt.de\/index.php\/wp-json\/wp\/v2\/posts\/4172\/revisions\/4173"}],"wp:featuredmedia":[{"embeddable":true,"href":"https:\/\/krankenhauspfarramt.de\/index.php\/wp-json\/wp\/v2\/media\/4098"}],"wp:attachment":[{"href":"https:\/\/krankenhauspfarramt.de\/index.php\/wp-json\/wp\/v2\/media?parent=4172"}],"wp:term":[{"taxonomy":"category","embeddable":true,"href":"https:\/\/krankenhauspfarramt.de\/index.php\/wp-json\/wp\/v2\/categories?post=4172"},{"taxonomy":"post_tag","embeddable":true,"href":"https:\/\/krankenhauspfarramt.de\/index.php\/wp-json\/wp\/v2\/tags?post=4172"}],"curies":[{"name":"wp","href":"https:\/\/api.w.org\/{rel}","templated":true}]}}