{"id":4174,"date":"2022-02-16T16:50:50","date_gmt":"2022-02-16T16:50:50","guid":{"rendered":"https:\/\/krankenhauspfarramt.de\/index.php\/2022\/02\/16\/kirchen-und-hilfswerke-rufen-zum-klimafasten-2022-auf-ekd\/"},"modified":"2022-02-16T16:50:52","modified_gmt":"2022-02-16T16:50:52","slug":"kirchen-und-hilfswerke-rufen-zum-klimafasten-2022-auf-ekd","status":"publish","type":"post","link":"https:\/\/krankenhauspfarramt.de\/index.php\/2022\/02\/16\/kirchen-und-hilfswerke-rufen-zum-klimafasten-2022-auf-ekd\/","title":{"rendered":"Kirchen und Hilfswerke rufen zum Klimafasten 2022 auf \u2013 EKD"},"content":{"rendered":"<p> <br \/>\n<\/p>\n<div>\n<p>\u201eKlimagerechtigkeit beginnt bei uns zu Hause. Daf\u00fcr ist es wichtig, dass wir uns bewusster ern\u00e4hren und weniger Lebensmittel wegwerfen\u201c, erkl\u00e4rte Dagmar Pruin, Pr\u00e4sidentin des evangelischen Hilfswerks \u201eBrot f\u00fcr die Welt\u201c und Schirmherrin der Aktion Klimafasten. Mit dem Kauf regionaler und saisonaler Produkte k\u00f6nnten Verbraucher einen Beitrag zu Senkung des CO2-Aussto\u00dfes bei Erzeugung und Transport von Lebensmitteln leisten.<\/p>\n<p>Pirmin Spiegel, Hauptgesch\u00e4ftsf\u00fchrer des katholischen Hilfswerks Misereor und gleichfalls Schirmherr, betonte: \u201eAnders leben und wirtschaften ist notwendig, um den Klimawandel einzud\u00e4mmen. Dazu geh\u00f6rt es etwa auch, regionale und \u00f6kologische Produkte einzukaufen, unn\u00f6tige Verpackungen zu vermeiden.\u201c<\/p>\n<p>Die Aktion \u201eFasten f\u00fcr Klimaschutz und Klimagerechtigkeit\u201c 2022 setzt vom 2. M\u00e4rz bis zum 17. April f\u00fcr jede Fastenwoche einen besonderen Schwerpunkt. Darunter sind: weniger Lebensmittel zu verschwenden, Verpackungsm\u00fcll zu reduzieren, den Geschmack der Region zu entdecken oder weniger Energie in der K\u00fcche zu verbrauchen. Klimafasten ist eine \u00f6kumenische Initiative von \u201eBrot f\u00fcr die Welt\u201c, Misereor und 17 evangelischen Landeskirchen und katholischen Bist\u00fcmern.<\/p>\n<\/p><\/div>\n","protected":false},"excerpt":{"rendered":"<p>\u201eKlimagerechtigkeit beginnt bei uns zu Hause. Daf\u00fcr ist es wichtig, dass wir uns bewusster ern\u00e4hren und weniger Lebensmittel wegwerfen\u201c, erkl\u00e4rte<\/p>\n","protected":false},"author":1,"featured_media":4175,"comment_status":"closed","ping_status":"closed","sticky":false,"template":"","format":"standard","meta":{"footnotes":""},"categories":[20],"tags":[],"_links":{"self":[{"href":"https:\/\/krankenhauspfarramt.de\/index.php\/wp-json\/wp\/v2\/posts\/4174"}],"collection":[{"href":"https:\/\/krankenhauspfarramt.de\/index.php\/wp-json\/wp\/v2\/posts"}],"about":[{"href":"https:\/\/krankenhauspfarramt.de\/index.php\/wp-json\/wp\/v2\/types\/post"}],"author":[{"embeddable":true,"href":"https:\/\/krankenhauspfarramt.de\/index.php\/wp-json\/wp\/v2\/users\/1"}],"replies":[{"embeddable":true,"href":"https:\/\/krankenhauspfarramt.de\/index.php\/wp-json\/wp\/v2\/comments?post=4174"}],"version-history":[{"count":1,"href":"https:\/\/krankenhauspfarramt.de\/index.php\/wp-json\/wp\/v2\/posts\/4174\/revisions"}],"predecessor-version":[{"id":4176,"href":"https:\/\/krankenhauspfarramt.de\/index.php\/wp-json\/wp\/v2\/posts\/4174\/revisions\/4176"}],"wp:featuredmedia":[{"embeddable":true,"href":"https:\/\/krankenhauspfarramt.de\/index.php\/wp-json\/wp\/v2\/media\/4175"}],"wp:attachment":[{"href":"https:\/\/krankenhauspfarramt.de\/index.php\/wp-json\/wp\/v2\/media?parent=4174"}],"wp:term":[{"taxonomy":"category","embeddable":true,"href":"https:\/\/krankenhauspfarramt.de\/index.php\/wp-json\/wp\/v2\/categories?post=4174"},{"taxonomy":"post_tag","embeddable":true,"href":"https:\/\/krankenhauspfarramt.de\/index.php\/wp-json\/wp\/v2\/tags?post=4174"}],"curies":[{"name":"wp","href":"https:\/\/api.w.org\/{rel}","templated":true}]}}