{"id":4177,"date":"2022-02-16T20:52:17","date_gmt":"2022-02-16T20:52:17","guid":{"rendered":"https:\/\/krankenhauspfarramt.de\/index.php\/2022\/02\/16\/weltkirchenrat-sucht-neuen-generalsekretaer-ekd\/"},"modified":"2022-02-16T20:52:19","modified_gmt":"2022-02-16T20:52:19","slug":"weltkirchenrat-sucht-neuen-generalsekretaer-ekd","status":"publish","type":"post","link":"https:\/\/krankenhauspfarramt.de\/index.php\/2022\/02\/16\/weltkirchenrat-sucht-neuen-generalsekretaer-ekd\/","title":{"rendered":"Weltkirchenrat sucht neuen Generalsekret\u00e4r \u2013 EKD"},"content":{"rendered":"<p> <br \/>\n<\/p>\n<div>\n<p>Der Zentralausschuss w\u00e4hlt den Generalsekret\u00e4r. Aufgrund der Gefahr einer Corona-Ansteckung k\u00f6nnen die Mitglieder des Gremiums nicht pers\u00f6nlich zusammenkommen. Laut \u00d6RK-Regeln m\u00fcssen die Ausschuss-Mitglieder aber pers\u00f6nlich bei der Wahl des Generalsekret\u00e4rs anwesend sein. Zum letzten Mal kamen die Mitglieder 2018 in Pr\u00e4senz zusammen.<\/p>\n<p>Der Rum\u00e4ne Sauca von der orthodoxen Kirche trat 2020 als Interims-Generalsekret\u00e4r des \u00d6RK an. Wegen der Corona-Pandemie hatte der \u00d6RK keinen regul\u00e4ren Nachfolger f\u00fcr den damals amtierenden Generalsekret\u00e4r, den norwegischen Lutheraner Olav Fykse Tveit, finden k\u00f6nnen. Sauca sollte zun\u00e4chst nur einige Monte Interims-Generalsekret\u00e4r bleiben. Der renommierte Theologe f\u00fcllt laut \u00d6RK-Kreisen die Position in \u00fcberzeugender Weise aus und steuert den \u00d6RK sicher durch die turbulente Corona-Krise.<\/p>\n<p>Die Mitglieder des Zentralausschusses diskutierten auch das vorl\u00e4ufige Finanzergebnis 2021. Es weist Gesamteinnahmen von 21,9 Millionen Schweizer Franken (20,9 Millionen Euro) aus, was eine Zunahme gegen\u00fcber 2020 (ohne den Verkauf von Grundst\u00fccken) bedeute. Bei Gesamtausgaben in H\u00f6he von 20,9 Millionen Franken (19,9 Millionen Euro) habe der \u00d6RK einen Netto\u00fcberschuss an Mitteln und R\u00fccklagen von einer Million Franken (950.000 Euro) erzielt.<\/p>\n<p>Der \u00d6RK teilte zudem mit, dass er zwei weitere Mitgliedskirchen gewonnen habe und nun 352 Kirchen in 120 L\u00e4ndern umfasse. Der Zentralausschuss habe die Erste Afrikanische Kirchenmission (Nigeria) und die Apostolische Glaubensmission von S\u00fcdafrika als neue Mitgliedskirchen willkommen gehei\u00dfen.<\/p>\n<p>Beide Kirchen wurden eingeladen, Delegationen zur 11. \u00d6RK-Vollversammlung zu entsenden. Die Vollversammlung, das weltweit wichtigste \u00f6kumenische Treffen, soll vom 31. August bis 8. September in Karlsruhe stattfinden. Der Weltkirchenrat vertritt mehr als 500 Millionen Christinnen und Christen auf der ganzen Welt. Die katholische Kirche ist nicht Mitglied, arbeitet aber in bestimmten Gremien mit.<\/p>\n<\/p><\/div>\n","protected":false},"excerpt":{"rendered":"<p>Der Zentralausschuss w\u00e4hlt den Generalsekret\u00e4r. Aufgrund der Gefahr einer Corona-Ansteckung k\u00f6nnen die Mitglieder des Gremiums nicht pers\u00f6nlich zusammenkommen. Laut \u00d6RK-Regeln<\/p>\n","protected":false},"author":1,"featured_media":4178,"comment_status":"closed","ping_status":"closed","sticky":false,"template":"","format":"standard","meta":{"footnotes":""},"categories":[20],"tags":[],"_links":{"self":[{"href":"https:\/\/krankenhauspfarramt.de\/index.php\/wp-json\/wp\/v2\/posts\/4177"}],"collection":[{"href":"https:\/\/krankenhauspfarramt.de\/index.php\/wp-json\/wp\/v2\/posts"}],"about":[{"href":"https:\/\/krankenhauspfarramt.de\/index.php\/wp-json\/wp\/v2\/types\/post"}],"author":[{"embeddable":true,"href":"https:\/\/krankenhauspfarramt.de\/index.php\/wp-json\/wp\/v2\/users\/1"}],"replies":[{"embeddable":true,"href":"https:\/\/krankenhauspfarramt.de\/index.php\/wp-json\/wp\/v2\/comments?post=4177"}],"version-history":[{"count":1,"href":"https:\/\/krankenhauspfarramt.de\/index.php\/wp-json\/wp\/v2\/posts\/4177\/revisions"}],"predecessor-version":[{"id":4179,"href":"https:\/\/krankenhauspfarramt.de\/index.php\/wp-json\/wp\/v2\/posts\/4177\/revisions\/4179"}],"wp:featuredmedia":[{"embeddable":true,"href":"https:\/\/krankenhauspfarramt.de\/index.php\/wp-json\/wp\/v2\/media\/4178"}],"wp:attachment":[{"href":"https:\/\/krankenhauspfarramt.de\/index.php\/wp-json\/wp\/v2\/media?parent=4177"}],"wp:term":[{"taxonomy":"category","embeddable":true,"href":"https:\/\/krankenhauspfarramt.de\/index.php\/wp-json\/wp\/v2\/categories?post=4177"},{"taxonomy":"post_tag","embeddable":true,"href":"https:\/\/krankenhauspfarramt.de\/index.php\/wp-json\/wp\/v2\/tags?post=4177"}],"curies":[{"name":"wp","href":"https:\/\/api.w.org\/{rel}","templated":true}]}}