{"id":4201,"date":"2022-02-23T15:59:50","date_gmt":"2022-02-23T15:59:50","guid":{"rendered":"https:\/\/krankenhauspfarramt.de\/index.php\/2022\/02\/23\/rheinischer-praeses-besucht-fluechtlingslager-in-griechenland-ekd\/"},"modified":"2022-02-23T15:59:52","modified_gmt":"2022-02-23T15:59:52","slug":"rheinischer-praeses-besucht-fluechtlingslager-in-griechenland-ekd","status":"publish","type":"post","link":"https:\/\/krankenhauspfarramt.de\/index.php\/2022\/02\/23\/rheinischer-praeses-besucht-fluechtlingslager-in-griechenland-ekd\/","title":{"rendered":"Rheinischer Pr\u00e4ses besucht Fl\u00fcchtlingslager in Griechenland \u2013 EKD"},"content":{"rendered":"<p> <br \/>\n<\/p>\n<div>\n<p>\u00a0Auf dem Programm der sechst\u00e4gigen Reise stehen unter anderem Besuche des Fl\u00fcchtlingscamps Diavata in der N\u00e4he von Thessaloniki und des Lagers Vial und des Abschiebegef\u00e4ngnisses auf Kos.<\/p>\n<p>Au\u00dferdem wolle sich Latzel mit Vertreterinnen und Vertretern der Fl\u00fcchtlingsarbeit treffen, hie\u00df es. Geplant sind Gespr\u00e4che mit Mitarbeitenden der \u00d6kumenischen Werkstatt f\u00fcr Fl\u00fcchtlinge Thessaloniki, \u201eNaomi\u201c, und der deutsch-griechischen Organisation \u201eEqual Rights Beyond Borders\u201c, die von der rheinischen Kirche unterst\u00fctzt werden. \u201eHier sind Menschen aus Glauben engagiert, um anderen Menschen in Not zu helfen\u201c, erkl\u00e4rte der Pr\u00e4ses. Auch Begegnungen mit der evangelischen Gemeinde in Katerini sowie Gespr\u00e4che mit Fachleuten des Fl\u00fcchtlingshilfswerks der Vereinten Nationen (UNHCR) und der Diakonie Katastrophenhilfe stehen auf dem Reiseprogramm.<\/p>\n<\/p><\/div>\n","protected":false},"excerpt":{"rendered":"<p>\u00a0Auf dem Programm der sechst\u00e4gigen Reise stehen unter anderem Besuche des Fl\u00fcchtlingscamps Diavata in der N\u00e4he von Thessaloniki und des<\/p>\n","protected":false},"author":1,"featured_media":4202,"comment_status":"closed","ping_status":"closed","sticky":false,"template":"","format":"standard","meta":{"footnotes":""},"categories":[20],"tags":[],"_links":{"self":[{"href":"https:\/\/krankenhauspfarramt.de\/index.php\/wp-json\/wp\/v2\/posts\/4201"}],"collection":[{"href":"https:\/\/krankenhauspfarramt.de\/index.php\/wp-json\/wp\/v2\/posts"}],"about":[{"href":"https:\/\/krankenhauspfarramt.de\/index.php\/wp-json\/wp\/v2\/types\/post"}],"author":[{"embeddable":true,"href":"https:\/\/krankenhauspfarramt.de\/index.php\/wp-json\/wp\/v2\/users\/1"}],"replies":[{"embeddable":true,"href":"https:\/\/krankenhauspfarramt.de\/index.php\/wp-json\/wp\/v2\/comments?post=4201"}],"version-history":[{"count":1,"href":"https:\/\/krankenhauspfarramt.de\/index.php\/wp-json\/wp\/v2\/posts\/4201\/revisions"}],"predecessor-version":[{"id":4203,"href":"https:\/\/krankenhauspfarramt.de\/index.php\/wp-json\/wp\/v2\/posts\/4201\/revisions\/4203"}],"wp:featuredmedia":[{"embeddable":true,"href":"https:\/\/krankenhauspfarramt.de\/index.php\/wp-json\/wp\/v2\/media\/4202"}],"wp:attachment":[{"href":"https:\/\/krankenhauspfarramt.de\/index.php\/wp-json\/wp\/v2\/media?parent=4201"}],"wp:term":[{"taxonomy":"category","embeddable":true,"href":"https:\/\/krankenhauspfarramt.de\/index.php\/wp-json\/wp\/v2\/categories?post=4201"},{"taxonomy":"post_tag","embeddable":true,"href":"https:\/\/krankenhauspfarramt.de\/index.php\/wp-json\/wp\/v2\/tags?post=4201"}],"curies":[{"name":"wp","href":"https:\/\/api.w.org\/{rel}","templated":true}]}}