{"id":4204,"date":"2022-02-23T20:01:34","date_gmt":"2022-02-23T20:01:34","guid":{"rendered":"https:\/\/krankenhauspfarramt.de\/index.php\/2022\/02\/23\/oekumenisches-friedensgebet-in-dresdner-frauenkirche-ekd\/"},"modified":"2022-02-23T20:01:35","modified_gmt":"2022-02-23T20:01:35","slug":"oekumenisches-friedensgebet-in-dresdner-frauenkirche-ekd","status":"publish","type":"post","link":"https:\/\/krankenhauspfarramt.de\/index.php\/2022\/02\/23\/oekumenisches-friedensgebet-in-dresdner-frauenkirche-ekd\/","title":{"rendered":"\u00d6kumenisches Friedensgebet in Dresdner Frauenkirche \u2013 EKD"},"content":{"rendered":"<p> <br \/>\n<\/p>\n<div>\n<p>Mitveranstalter des Friedensgebetes sind den Angaben zufolge unter anderem das \u00d6kumenische Informationszentrum (\u00d6IZ), die Johannes-Kreuz-Lukas-Kirchgemeinde, die Kathedrale und die Reformierte Gemeinde. Das Angebot stehe allen Interessierten offen. Es gelte die 3G-Regelung und FFP2-Maskenpflicht.<\/p>\n<p>\u201eWenn die Worte schweigen und nur noch die Waffen sprechen, ist das immer eine moralische Niederlage des Menschen\u201c, erkl\u00e4rte\u00a0Frauenkirchenpfarrer Markus Engelhardt. Das Gebet sei keine Flucht aus schwieriger Lage in die Innerlichkeit: \u201eIm Gegenteil: Mit wachem Geist und offenen Augen nennen wir im Gebet die schwierigen Dinge beim Namen und bringen sie vor Gott.\u201c H\u00e4ndefalten sei daher das Gegenteil von Die-H\u00e4nde-in-den-Scho\u00df-legen. \u201eDie Welt ins Gebet nehmen ist eine eminent politische Tat\u201c, betonte der\u00a0Frauenkirchenpfarrer.<\/p>\n<p>Gestaltet wird das Friedensgebet von Pfarrer Engelhardt,\u00a0Frauenkirchenpfarrerin Angelika Behnke und den \u00f6kumenischen Partnern. Die musikalische Umrahmung \u00fcbernimmt\u00a0Frauenkirchenorganist Samuel Kummer.<\/p>\n<\/p><\/div>\n","protected":false},"excerpt":{"rendered":"<p>Mitveranstalter des Friedensgebetes sind den Angaben zufolge unter anderem das \u00d6kumenische Informationszentrum (\u00d6IZ), die Johannes-Kreuz-Lukas-Kirchgemeinde, die Kathedrale und die Reformierte<\/p>\n","protected":false},"author":1,"featured_media":4205,"comment_status":"closed","ping_status":"closed","sticky":false,"template":"","format":"standard","meta":{"footnotes":""},"categories":[20],"tags":[],"_links":{"self":[{"href":"https:\/\/krankenhauspfarramt.de\/index.php\/wp-json\/wp\/v2\/posts\/4204"}],"collection":[{"href":"https:\/\/krankenhauspfarramt.de\/index.php\/wp-json\/wp\/v2\/posts"}],"about":[{"href":"https:\/\/krankenhauspfarramt.de\/index.php\/wp-json\/wp\/v2\/types\/post"}],"author":[{"embeddable":true,"href":"https:\/\/krankenhauspfarramt.de\/index.php\/wp-json\/wp\/v2\/users\/1"}],"replies":[{"embeddable":true,"href":"https:\/\/krankenhauspfarramt.de\/index.php\/wp-json\/wp\/v2\/comments?post=4204"}],"version-history":[{"count":1,"href":"https:\/\/krankenhauspfarramt.de\/index.php\/wp-json\/wp\/v2\/posts\/4204\/revisions"}],"predecessor-version":[{"id":4206,"href":"https:\/\/krankenhauspfarramt.de\/index.php\/wp-json\/wp\/v2\/posts\/4204\/revisions\/4206"}],"wp:featuredmedia":[{"embeddable":true,"href":"https:\/\/krankenhauspfarramt.de\/index.php\/wp-json\/wp\/v2\/media\/4205"}],"wp:attachment":[{"href":"https:\/\/krankenhauspfarramt.de\/index.php\/wp-json\/wp\/v2\/media?parent=4204"}],"wp:term":[{"taxonomy":"category","embeddable":true,"href":"https:\/\/krankenhauspfarramt.de\/index.php\/wp-json\/wp\/v2\/categories?post=4204"},{"taxonomy":"post_tag","embeddable":true,"href":"https:\/\/krankenhauspfarramt.de\/index.php\/wp-json\/wp\/v2\/tags?post=4204"}],"curies":[{"name":"wp","href":"https:\/\/api.w.org\/{rel}","templated":true}]}}