{"id":4210,"date":"2022-02-24T12:10:02","date_gmt":"2022-02-24T12:10:02","guid":{"rendered":"https:\/\/krankenhauspfarramt.de\/index.php\/2022\/02\/24\/statement-wortlaut-der-ekd-ratsvorsitzenden-zum-russischen-angriff-auf-die-ukraine-ekd\/"},"modified":"2022-02-24T12:10:04","modified_gmt":"2022-02-24T12:10:04","slug":"statement-wortlaut-der-ekd-ratsvorsitzenden-zum-russischen-angriff-auf-die-ukraine-ekd","status":"publish","type":"post","link":"https:\/\/krankenhauspfarramt.de\/index.php\/2022\/02\/24\/statement-wortlaut-der-ekd-ratsvorsitzenden-zum-russischen-angriff-auf-die-ukraine-ekd\/","title":{"rendered":"Statement (Wortlaut) der EKD-Ratsvorsitzenden zum russischen Angriff auf die Ukraine \u2013 EKD"},"content":{"rendered":"<p> <br \/>\n<\/p>\n<div>\n<p>Zur Angst vor weiterer milit\u00e4rischer Eskalation und sich ausbreitendem Krieg und zu unserem Mitgef\u00fchl mit den Menschen in den umstrittenen Gebieten, tritt die Sorge um die Grundlagen des Miteinanders der V\u00f6lker in Europa und um die internationale Ordnung, wie sie sich zwischen den Staaten seit dem<\/p>\n<p>friedlichen Ende des kalten Krieges entwickelt hat. Wir sind \u00fcberzeugt: Waffengewalt wird Leid und Unrecht nur vergr\u00f6\u00dfern. Auch jetzt darf das diplomatische Gespr\u00e4ch mit Russland nicht abrei\u00dfen. Unsere Kirchen und Gemeinden werden \u00fcber unsere \u00f6kumenischen Beziehungen weiter den Kontakt mit unseren Br\u00fcdern und Schwestern in Osteuropa halten. Die Kraft und der Wille zum Frieden muss nicht nur bei den Regierenden wachsen; es ist wichtig, dass sie auch bei denen gef\u00f6rdert wird, die regiert werden.<\/p>\n<p>Als Christinnen und Christen glauben wir \u201eGott ist nicht ein Gott der Unordnung, sondern ein Gott des Friedens\u201c (1. Brief des Paulus an die Gemeinde in Korinth, Kapitel 13).<\/p>\n<p>Wir weigern uns zu glauben, dass keine Chancen mehr auf Verst\u00e4ndigung und f\u00fcr einen gerechten Frieden bestehen.<\/p>\n<p>Wir beten f\u00fcr die Verantwortlichen auf allen Seiten um Einsicht und Besonnenheit, um Mut zu Umkehr und Gerechtigkeit und wir stehen ein f\u00fcr die Hoffnung auf neue Wege zu einem Miteinander der V\u00f6lker, das berechtigte Interessen ausgleicht und zugleich geltendes Recht st\u00e4rkt und bewahrt.<\/p>\n<p>Mit unseren Partnerkirchen Christen in Russland und der Ukraine, in Polen und im Baltikum und mit allen Menschen guten Willens wissen wir uns vers\u00f6hnt durch den Gott des Friedens.<\/p>\n<\/p><\/div>\n","protected":false},"excerpt":{"rendered":"<p>Zur Angst vor weiterer milit\u00e4rischer Eskalation und sich ausbreitendem Krieg und zu unserem Mitgef\u00fchl mit den Menschen in den umstrittenen<\/p>\n","protected":false},"author":1,"featured_media":4211,"comment_status":"closed","ping_status":"closed","sticky":false,"template":"","format":"standard","meta":{"footnotes":""},"categories":[20],"tags":[],"_links":{"self":[{"href":"https:\/\/krankenhauspfarramt.de\/index.php\/wp-json\/wp\/v2\/posts\/4210"}],"collection":[{"href":"https:\/\/krankenhauspfarramt.de\/index.php\/wp-json\/wp\/v2\/posts"}],"about":[{"href":"https:\/\/krankenhauspfarramt.de\/index.php\/wp-json\/wp\/v2\/types\/post"}],"author":[{"embeddable":true,"href":"https:\/\/krankenhauspfarramt.de\/index.php\/wp-json\/wp\/v2\/users\/1"}],"replies":[{"embeddable":true,"href":"https:\/\/krankenhauspfarramt.de\/index.php\/wp-json\/wp\/v2\/comments?post=4210"}],"version-history":[{"count":1,"href":"https:\/\/krankenhauspfarramt.de\/index.php\/wp-json\/wp\/v2\/posts\/4210\/revisions"}],"predecessor-version":[{"id":4212,"href":"https:\/\/krankenhauspfarramt.de\/index.php\/wp-json\/wp\/v2\/posts\/4210\/revisions\/4212"}],"wp:featuredmedia":[{"embeddable":true,"href":"https:\/\/krankenhauspfarramt.de\/index.php\/wp-json\/wp\/v2\/media\/4211"}],"wp:attachment":[{"href":"https:\/\/krankenhauspfarramt.de\/index.php\/wp-json\/wp\/v2\/media?parent=4210"}],"wp:term":[{"taxonomy":"category","embeddable":true,"href":"https:\/\/krankenhauspfarramt.de\/index.php\/wp-json\/wp\/v2\/categories?post=4210"},{"taxonomy":"post_tag","embeddable":true,"href":"https:\/\/krankenhauspfarramt.de\/index.php\/wp-json\/wp\/v2\/tags?post=4210"}],"curies":[{"name":"wp","href":"https:\/\/api.w.org\/{rel}","templated":true}]}}