{"id":4219,"date":"2022-02-24T20:21:33","date_gmt":"2022-02-24T20:21:33","guid":{"rendered":"https:\/\/krankenhauspfarramt.de\/index.php\/2022\/02\/24\/krieg-ist-gegen-gottes-willen-ekd\/"},"modified":"2022-02-24T20:21:35","modified_gmt":"2022-02-24T20:21:35","slug":"krieg-ist-gegen-gottes-willen-ekd","status":"publish","type":"post","link":"https:\/\/krankenhauspfarramt.de\/index.php\/2022\/02\/24\/krieg-ist-gegen-gottes-willen-ekd\/","title":{"rendered":"&#8222;Krieg ist gegen Gottes Willen&#8220; \u2013 EKD"},"content":{"rendered":"<p> <br \/>\n<\/p>\n<div>\n<p>Bonn\/Erfurt (epd). Der Friedensbeauftragte des Rates der Evangelischen Kirche in Deutschland (EKD), Landesbischof Friedrich Kramer, hat ersch\u00fcttert auf den russischen Angriff auf die Ukraine reagiert. \u201eDer Angriff auf die Ukraine hat mich in dieser Massivit\u00e4t erschrocken\u201c, sagte der Bischof der Evangelischen Kirche in Mitteldeutschland laut einer am Donnerstag in Bonn verbreiteten Erkl\u00e4rung. Er sehe darin einen klaren Bruch des Budapester Memorandums von 1994, in dem Russland die bestehende Souver\u00e4nit\u00e4t und die Grenzen der Ukraine als Gegenleistung f\u00fcr deren Atomwaffenverzicht anerkannt habe.<\/p>\n<\/p><\/div>\n<div id=\"\">\n<p>Kramer rief dazu auf, die milit\u00e4rischen Operationen umgehend einzustellen und alles zu unternehmen, damit die Gespr\u00e4chsf\u00e4den wieder aufgenommen werden k\u00f6nnten. \u201eKrieg ist gegen Gottes Willen. Und Krieg darf nicht zu einem Mittel der Politik werden\u201c, erkl\u00e4rte der Leitende Geistliche. Konflikte m\u00fcssten friedlich gel\u00f6st werden. Auch im Angesicht dieses Krieges d\u00fcrfe das Leitbild eines gerechten Friedens nicht aus den Augen verloren werden.<\/p>\n<p>Die Drohung Putins, mit h\u00e4rtesten Konsequenzen auf eine Einmischung zu reagieren, lasse sogar einen Einsatz von nuklearen Waffen bef\u00fcrchten. \u201eDas erf\u00fcllt mich mit gro\u00dfer Sorge. Zu einem solchen Schritt darf es nie kommen\u201c, warnte der Friedensbeauftragte.<\/p>\n<p>Er rief die Christinnen und Christen zu Gebeten f\u00fcr den Frieden auf: \u201eLasst uns in unserer Ohnmacht im Angesicht des Krieges unsere Sorgen, \u00c4ngste und N\u00f6te vor Gott bringen, bitten wir ihn um Frieden und um ein Ende der milit\u00e4rischen Gewalt.\u201c Er bat darum, die Kirchen zu \u00f6ffnen, damit Menschen einen Ort f\u00fcr ihr Gebet finden k\u00f6nnten.<br \/>\u00a0<\/p>\n<\/div>\n","protected":false},"excerpt":{"rendered":"<p>Bonn\/Erfurt (epd). Der Friedensbeauftragte des Rates der Evangelischen Kirche in Deutschland (EKD), Landesbischof Friedrich Kramer, hat ersch\u00fcttert auf den russischen<\/p>\n","protected":false},"author":1,"featured_media":2025,"comment_status":"closed","ping_status":"closed","sticky":false,"template":"","format":"standard","meta":{"footnotes":""},"categories":[20],"tags":[],"_links":{"self":[{"href":"https:\/\/krankenhauspfarramt.de\/index.php\/wp-json\/wp\/v2\/posts\/4219"}],"collection":[{"href":"https:\/\/krankenhauspfarramt.de\/index.php\/wp-json\/wp\/v2\/posts"}],"about":[{"href":"https:\/\/krankenhauspfarramt.de\/index.php\/wp-json\/wp\/v2\/types\/post"}],"author":[{"embeddable":true,"href":"https:\/\/krankenhauspfarramt.de\/index.php\/wp-json\/wp\/v2\/users\/1"}],"replies":[{"embeddable":true,"href":"https:\/\/krankenhauspfarramt.de\/index.php\/wp-json\/wp\/v2\/comments?post=4219"}],"version-history":[{"count":1,"href":"https:\/\/krankenhauspfarramt.de\/index.php\/wp-json\/wp\/v2\/posts\/4219\/revisions"}],"predecessor-version":[{"id":4220,"href":"https:\/\/krankenhauspfarramt.de\/index.php\/wp-json\/wp\/v2\/posts\/4219\/revisions\/4220"}],"wp:featuredmedia":[{"embeddable":true,"href":"https:\/\/krankenhauspfarramt.de\/index.php\/wp-json\/wp\/v2\/media\/2025"}],"wp:attachment":[{"href":"https:\/\/krankenhauspfarramt.de\/index.php\/wp-json\/wp\/v2\/media?parent=4219"}],"wp:term":[{"taxonomy":"category","embeddable":true,"href":"https:\/\/krankenhauspfarramt.de\/index.php\/wp-json\/wp\/v2\/categories?post=4219"},{"taxonomy":"post_tag","embeddable":true,"href":"https:\/\/krankenhauspfarramt.de\/index.php\/wp-json\/wp\/v2\/tags?post=4219"}],"curies":[{"name":"wp","href":"https:\/\/api.w.org\/{rel}","templated":true}]}}