{"id":4230,"date":"2022-02-25T16:33:19","date_gmt":"2022-02-25T16:33:19","guid":{"rendered":"https:\/\/krankenhauspfarramt.de\/index.php\/2022\/02\/25\/oekumenisches-friedensgebet-am-sonntag-ekd\/"},"modified":"2022-02-25T16:33:20","modified_gmt":"2022-02-25T16:33:20","slug":"oekumenisches-friedensgebet-am-sonntag-ekd","status":"publish","type":"post","link":"https:\/\/krankenhauspfarramt.de\/index.php\/2022\/02\/25\/oekumenisches-friedensgebet-am-sonntag-ekd\/","title":{"rendered":"\u00d6kumenisches Friedensgebet am Sonntag \u2013 EKD"},"content":{"rendered":"<p> <br \/>\n<\/p>\n<div>\n<p>Der Vorsitzende der ACK in Deutschland, Erzpriester Radu Constantin Miron, zeigte sich best\u00fcrzt angesichts der zunehmenden Gewalt: \u201eAls orthodoxer Christ ist es f\u00fcr mich besonders schmerzlich zu sehen, dass die Frontlinie mitten durch meine Kirche verl\u00e4uft. Ich rufe insbesondere die Gl\u00e4ubigen meiner Kirche auf, nun zusammenzustehen und gemeinsam mit allen Christinnen und Christen dieses Landes in \u00f6kumenischer Verbundenheit um Frieden zu beten.\u201c<\/p>\n<p>Der Vorsitzende der Deutschen Bischofskonferenz, Georg B\u00e4tzing, erkl\u00e4rte: \u201eAls Christen verurteilen wir kriegerische Gewalt und deshalb auch die Invasion der Ukraine durch Russland. Dies ist ein Angriffskrieg, der dem V\u00f6lkerrecht und der christlichen Friedensethik zuwiderl\u00e4uft\u201c. Der Limburger Bischof wird am Sonntag, um 18 Uhr, ein Gebet im Limburger Dom leiten.<\/p>\n<p>Die Ratsvorsitzende der EKD, Annette Kurschus, sagte, sie hoffe, dass sich am Sonntag viele an den Gebeten beteiligten. Insbesondere \u00f6kumenische Gottesdienste seien ein Zeichen der Verbundenheit der hiesigen Christen untereinander und mit den Kirchen, die in der Ukraine und in Russland ihre Heimat haben und auch in Deutschland vertreten seien.<br \/>\u00a0<\/p>\n<\/p><\/div>\n","protected":false},"excerpt":{"rendered":"<p>Der Vorsitzende der ACK in Deutschland, Erzpriester Radu Constantin Miron, zeigte sich best\u00fcrzt angesichts der zunehmenden Gewalt: \u201eAls orthodoxer Christ<\/p>\n","protected":false},"author":1,"featured_media":4214,"comment_status":"closed","ping_status":"closed","sticky":false,"template":"","format":"standard","meta":{"footnotes":""},"categories":[20],"tags":[],"_links":{"self":[{"href":"https:\/\/krankenhauspfarramt.de\/index.php\/wp-json\/wp\/v2\/posts\/4230"}],"collection":[{"href":"https:\/\/krankenhauspfarramt.de\/index.php\/wp-json\/wp\/v2\/posts"}],"about":[{"href":"https:\/\/krankenhauspfarramt.de\/index.php\/wp-json\/wp\/v2\/types\/post"}],"author":[{"embeddable":true,"href":"https:\/\/krankenhauspfarramt.de\/index.php\/wp-json\/wp\/v2\/users\/1"}],"replies":[{"embeddable":true,"href":"https:\/\/krankenhauspfarramt.de\/index.php\/wp-json\/wp\/v2\/comments?post=4230"}],"version-history":[{"count":1,"href":"https:\/\/krankenhauspfarramt.de\/index.php\/wp-json\/wp\/v2\/posts\/4230\/revisions"}],"predecessor-version":[{"id":4231,"href":"https:\/\/krankenhauspfarramt.de\/index.php\/wp-json\/wp\/v2\/posts\/4230\/revisions\/4231"}],"wp:featuredmedia":[{"embeddable":true,"href":"https:\/\/krankenhauspfarramt.de\/index.php\/wp-json\/wp\/v2\/media\/4214"}],"wp:attachment":[{"href":"https:\/\/krankenhauspfarramt.de\/index.php\/wp-json\/wp\/v2\/media?parent=4230"}],"wp:term":[{"taxonomy":"category","embeddable":true,"href":"https:\/\/krankenhauspfarramt.de\/index.php\/wp-json\/wp\/v2\/categories?post=4230"},{"taxonomy":"post_tag","embeddable":true,"href":"https:\/\/krankenhauspfarramt.de\/index.php\/wp-json\/wp\/v2\/tags?post=4230"}],"curies":[{"name":"wp","href":"https:\/\/api.w.org\/{rel}","templated":true}]}}