{"id":4232,"date":"2022-02-25T20:34:18","date_gmt":"2022-02-25T20:34:18","guid":{"rendered":"https:\/\/krankenhauspfarramt.de\/index.php\/2022\/02\/25\/ekd-ratsvorsitzende-kurschus-betet-fuer-frieden-in-der-ukraine-ekd\/"},"modified":"2022-02-25T20:34:19","modified_gmt":"2022-02-25T20:34:19","slug":"ekd-ratsvorsitzende-kurschus-betet-fuer-frieden-in-der-ukraine-ekd","status":"publish","type":"post","link":"https:\/\/krankenhauspfarramt.de\/index.php\/2022\/02\/25\/ekd-ratsvorsitzende-kurschus-betet-fuer-frieden-in-der-ukraine-ekd\/","title":{"rendered":"EKD-Ratsvorsitzende Kurschus betet f\u00fcr Frieden in der Ukraine \u2013 EKD"},"content":{"rendered":"<p> <br \/>\n<\/p>\n<div>\n<p>Bielefeld (epd). Die Ratsvorsitzende der Evangelischen Kirche in Deutschland (EKD), Annette Kurschus, hat am Donnerstagabend f\u00fcr \u201edie Menschen in Russland, in Belarus und in den Nachbarstaaten der Ukraine\u201c gebetet. \u201eSt\u00e4rke alle, die in diesen L\u00e4ndern f\u00fcr den Frieden aufstehen und sich f\u00fcr Demokratie und Menschenrechte starkmachen\u201c, sagte die EKD-Ratsvorsitzende und westf\u00e4lische Pr\u00e4ses bei einem Friedensgebet in Bielefeld mit Blick auf den russischen Angriff.<\/p>\n<p>In ihrem Gebet sprach sie auch \u00e4ltere Menschen an, die noch Bilder von eigenen Kriegserfahrungen in sich tr\u00fcgen. Ebenso bat sie f\u00fcr Kinder und Jugendliche, \u201edie Angst haben vor dem, was in Zukunft auf sie und uns alle zukommen wird\u201c.<br \/>\u00a0<\/p>\n<\/p><\/div>\n","protected":false},"excerpt":{"rendered":"<p>Bielefeld (epd). Die Ratsvorsitzende der Evangelischen Kirche in Deutschland (EKD), Annette Kurschus, hat am Donnerstagabend f\u00fcr \u201edie Menschen in Russland,<\/p>\n","protected":false},"author":1,"featured_media":1567,"comment_status":"closed","ping_status":"closed","sticky":false,"template":"","format":"standard","meta":{"footnotes":""},"categories":[20],"tags":[],"_links":{"self":[{"href":"https:\/\/krankenhauspfarramt.de\/index.php\/wp-json\/wp\/v2\/posts\/4232"}],"collection":[{"href":"https:\/\/krankenhauspfarramt.de\/index.php\/wp-json\/wp\/v2\/posts"}],"about":[{"href":"https:\/\/krankenhauspfarramt.de\/index.php\/wp-json\/wp\/v2\/types\/post"}],"author":[{"embeddable":true,"href":"https:\/\/krankenhauspfarramt.de\/index.php\/wp-json\/wp\/v2\/users\/1"}],"replies":[{"embeddable":true,"href":"https:\/\/krankenhauspfarramt.de\/index.php\/wp-json\/wp\/v2\/comments?post=4232"}],"version-history":[{"count":1,"href":"https:\/\/krankenhauspfarramt.de\/index.php\/wp-json\/wp\/v2\/posts\/4232\/revisions"}],"predecessor-version":[{"id":4233,"href":"https:\/\/krankenhauspfarramt.de\/index.php\/wp-json\/wp\/v2\/posts\/4232\/revisions\/4233"}],"wp:featuredmedia":[{"embeddable":true,"href":"https:\/\/krankenhauspfarramt.de\/index.php\/wp-json\/wp\/v2\/media\/1567"}],"wp:attachment":[{"href":"https:\/\/krankenhauspfarramt.de\/index.php\/wp-json\/wp\/v2\/media?parent=4232"}],"wp:term":[{"taxonomy":"category","embeddable":true,"href":"https:\/\/krankenhauspfarramt.de\/index.php\/wp-json\/wp\/v2\/categories?post=4232"},{"taxonomy":"post_tag","embeddable":true,"href":"https:\/\/krankenhauspfarramt.de\/index.php\/wp-json\/wp\/v2\/tags?post=4232"}],"curies":[{"name":"wp","href":"https:\/\/api.w.org\/{rel}","templated":true}]}}