{"id":4240,"date":"2022-03-01T14:35:35","date_gmt":"2022-03-01T14:35:35","guid":{"rendered":"https:\/\/krankenhauspfarramt.de\/index.php\/2022\/03\/01\/viele-hilfsprogramme-fuer-notleidende-in-der-ukraine-ekd\/"},"modified":"2022-03-01T14:35:38","modified_gmt":"2022-03-01T14:35:38","slug":"viele-hilfsprogramme-fuer-notleidende-in-der-ukraine-ekd","status":"publish","type":"post","link":"https:\/\/krankenhauspfarramt.de\/index.php\/2022\/03\/01\/viele-hilfsprogramme-fuer-notleidende-in-der-ukraine-ekd\/","title":{"rendered":"Viele Hilfsprogramme f\u00fcr Notleidende in der Ukraine \u2013 EKD"},"content":{"rendered":"<p> <br \/>\n<\/p>\n<div>\n<p>Ob Hilfsg\u00fcter vor Ort verteilt werden k\u00f6nnen, h\u00e4nge von der Sicherheitssituation und dem Zugang zu ukrainischen Gebieten ab, teilte das UNHCR dem Evangelischen Pressedienst (epd) mit. Hilfsg\u00fcter seien an verschiedenen Orten in der Ukraine eingelagert, jedoch sei die Bewegungsfreiheit in den meisten St\u00e4dten eingeschr\u00e4nkt.<\/p>\n<p>Dennoch stehe das Hilfswerk bereit, um humanit\u00e4re Hilfe zu leisten, wo immer dies notwendig und m\u00f6glich ist, so das UNHCR. Ende letzter Woche habe eine erste Lieferung von Decken, Schlafmatten und anderen wichtigen Hilfsg\u00fctern die s\u00fcdukrainische Stadt Kryvyi Rih erreicht. Au\u00dferdem bereite das UNHCR den Transport von Hilfsg\u00fcter nach Moldawien vor, erkl\u00e4rte eine Sprecherin.<\/p>\n<p>Auch das evangelische Hilfswerk \u201eBrot f\u00fcr die Welt\u201c sei darauf vorbereitet, Hilfe zu leisten, teilte eine Sprecherin mit. Der Wohlfahrtsverband der evangelischen Kirche habe einen Nothilfefonds mit zun\u00e4chst 500.000 Euro aufgelegt. F\u00fcr jene, die die Ukraine verlassen haben, w\u00fcrden zudem Hilfsma\u00dfnahmen geplant. Transporte von Hilfsg\u00fctern sowie das Sammeln von Sachspenden seien hingegen nicht geplant.<\/p>\n<p>Zudem unterst\u00fctzen Mitglieder des Hilfsb\u00fcndnisses \u201eAktion Deutschland Hilft\u201c Ukrainer und Ukrainerinnen. Mit Partnerorganisationen bereiten beispielsweise die Johanniter Hilfe f\u00fcr ankommende Fl\u00fcchtlinge aus der Ukraine vor, erkl\u00e4rte die Hilfsorganisation.<\/p>\n<p>Ein weiteres B\u00fcndnismitglied, die Caritas International, erkl\u00e4rte, die Situation f\u00fcr die Menschen in der Ukraine werde immer schwieriger. Der Wohlfahrtsverband bringe Gefl\u00fcchteten unter, versorge sie mit Essen und Hygieneartikeln und betreue sie psychologisch.<\/p>\n<p>Das Deutsche Medikamentenhilfswerk action medeor habe begonnen, erste Hilfslieferungen f\u00fcr medizinische Einrichtungen in der Ukraine zusammenzustellen. Weil im Osten des Landes das Gesundheitssystem an seine Belastungsgrenze sto\u00dfe, w\u00fcrden immer mehr \u00c4rzte auch aus dem Westen der Ukraine zur Versorgung der Bev\u00f6lkerung gebraucht, hie\u00df es.<\/p>\n<p class=\"md-authorline\" style=\"margin-left:0cm; margin-right:0cm; text-align:right\"><em>Von Inga Jahn (epd)<\/em><\/p>\n<\/p><\/div>\n","protected":false},"excerpt":{"rendered":"<p>Ob Hilfsg\u00fcter vor Ort verteilt werden k\u00f6nnen, h\u00e4nge von der Sicherheitssituation und dem Zugang zu ukrainischen Gebieten ab, teilte das<\/p>\n","protected":false},"author":1,"featured_media":4241,"comment_status":"closed","ping_status":"closed","sticky":false,"template":"","format":"standard","meta":{"footnotes":""},"categories":[20],"tags":[],"_links":{"self":[{"href":"https:\/\/krankenhauspfarramt.de\/index.php\/wp-json\/wp\/v2\/posts\/4240"}],"collection":[{"href":"https:\/\/krankenhauspfarramt.de\/index.php\/wp-json\/wp\/v2\/posts"}],"about":[{"href":"https:\/\/krankenhauspfarramt.de\/index.php\/wp-json\/wp\/v2\/types\/post"}],"author":[{"embeddable":true,"href":"https:\/\/krankenhauspfarramt.de\/index.php\/wp-json\/wp\/v2\/users\/1"}],"replies":[{"embeddable":true,"href":"https:\/\/krankenhauspfarramt.de\/index.php\/wp-json\/wp\/v2\/comments?post=4240"}],"version-history":[{"count":1,"href":"https:\/\/krankenhauspfarramt.de\/index.php\/wp-json\/wp\/v2\/posts\/4240\/revisions"}],"predecessor-version":[{"id":4242,"href":"https:\/\/krankenhauspfarramt.de\/index.php\/wp-json\/wp\/v2\/posts\/4240\/revisions\/4242"}],"wp:featuredmedia":[{"embeddable":true,"href":"https:\/\/krankenhauspfarramt.de\/index.php\/wp-json\/wp\/v2\/media\/4241"}],"wp:attachment":[{"href":"https:\/\/krankenhauspfarramt.de\/index.php\/wp-json\/wp\/v2\/media?parent=4240"}],"wp:term":[{"taxonomy":"category","embeddable":true,"href":"https:\/\/krankenhauspfarramt.de\/index.php\/wp-json\/wp\/v2\/categories?post=4240"},{"taxonomy":"post_tag","embeddable":true,"href":"https:\/\/krankenhauspfarramt.de\/index.php\/wp-json\/wp\/v2\/tags?post=4240"}],"curies":[{"name":"wp","href":"https:\/\/api.w.org\/{rel}","templated":true}]}}