{"id":4246,"date":"2022-03-01T18:36:28","date_gmt":"2022-03-01T18:36:28","guid":{"rendered":"https:\/\/krankenhauspfarramt.de\/index.php\/2022\/03\/01\/evangelischer-kirchentag-ruft-zur-hilfe-fuer-menschen-in-ukraine-auf-ekd\/"},"modified":"2022-03-01T18:36:30","modified_gmt":"2022-03-01T18:36:30","slug":"evangelischer-kirchentag-ruft-zur-hilfe-fuer-menschen-in-ukraine-auf-ekd","status":"publish","type":"post","link":"https:\/\/krankenhauspfarramt.de\/index.php\/2022\/03\/01\/evangelischer-kirchentag-ruft-zur-hilfe-fuer-menschen-in-ukraine-auf-ekd\/","title":{"rendered":"Evangelischer Kirchentag ruft zur Hilfe f\u00fcr Menschen in Ukraine auf \u2013 EKD"},"content":{"rendered":"<p> <br \/>\n<\/p>\n<div>\n<p>Aus der deutschen Geschichte habe man gelernt, dass es immer richtig und nie zu sp\u00e4t sei, sich f\u00fcr den Frieden einzusetzen. \u201eMit Hochachtung schauen wir deshalb auf die Menschen, die dies in Russland gerade mit friedlichen Mitteln zum Ausdruck bringen\u201c, erkl\u00e4rte das Kirchentags-Pr\u00e4sidium, das neben dem fr\u00fcheren Bundesminister de Maizi\u00e8re aus der Th\u00fcringer Ministerin f\u00fcr Umwelt, Energie und Naturschutz, Anja Siegesmund, und dem Oberb\u00fcrgermeister der Lutherstadt Wittenberg, Torsten Zugeh\u00f6r, besteht.<\/p>\n<p>\u201eDer Einsatz f\u00fcr nachhaltigen Frieden kann schmerzhaft sein\u201c, f\u00fcgte das Kirchentagspr\u00e4sidium hinzu. Die Sanktionen \u201ewerden nicht nur Russland hart treffen, sondern sich direkt oder indirekt auch auf unseren Alltag auswirken.\u201c Die gro\u00dfe Menge an Fl\u00fcchtenden zwinge zudem alle europ\u00e4ischen Staaten zu schnellem und unb\u00fcrokratischem humanit\u00e4rem Handeln.<\/p>\n<p>Der Kirchentag selbst will Mitarbeitende f\u00fcr ihr ehrenamtliches Engagement im Rahmen von humanit\u00e4ren Eins\u00e4tzen freistellen und aus Lagerbest\u00e4nden Material f\u00fcr die Ausstattung von Fl\u00fcchtlingsunterk\u00fcnften zur Verf\u00fcgung stellen. Aufgerufen wird zudem zu Friedengebeten und -demonstrationen.<\/p>\n<\/p><\/div>\n","protected":false},"excerpt":{"rendered":"<p>Aus der deutschen Geschichte habe man gelernt, dass es immer richtig und nie zu sp\u00e4t sei, sich f\u00fcr den Frieden<\/p>\n","protected":false},"author":1,"featured_media":4247,"comment_status":"closed","ping_status":"closed","sticky":false,"template":"","format":"standard","meta":{"footnotes":""},"categories":[20],"tags":[],"_links":{"self":[{"href":"https:\/\/krankenhauspfarramt.de\/index.php\/wp-json\/wp\/v2\/posts\/4246"}],"collection":[{"href":"https:\/\/krankenhauspfarramt.de\/index.php\/wp-json\/wp\/v2\/posts"}],"about":[{"href":"https:\/\/krankenhauspfarramt.de\/index.php\/wp-json\/wp\/v2\/types\/post"}],"author":[{"embeddable":true,"href":"https:\/\/krankenhauspfarramt.de\/index.php\/wp-json\/wp\/v2\/users\/1"}],"replies":[{"embeddable":true,"href":"https:\/\/krankenhauspfarramt.de\/index.php\/wp-json\/wp\/v2\/comments?post=4246"}],"version-history":[{"count":1,"href":"https:\/\/krankenhauspfarramt.de\/index.php\/wp-json\/wp\/v2\/posts\/4246\/revisions"}],"predecessor-version":[{"id":4248,"href":"https:\/\/krankenhauspfarramt.de\/index.php\/wp-json\/wp\/v2\/posts\/4246\/revisions\/4248"}],"wp:featuredmedia":[{"embeddable":true,"href":"https:\/\/krankenhauspfarramt.de\/index.php\/wp-json\/wp\/v2\/media\/4247"}],"wp:attachment":[{"href":"https:\/\/krankenhauspfarramt.de\/index.php\/wp-json\/wp\/v2\/media?parent=4246"}],"wp:term":[{"taxonomy":"category","embeddable":true,"href":"https:\/\/krankenhauspfarramt.de\/index.php\/wp-json\/wp\/v2\/categories?post=4246"},{"taxonomy":"post_tag","embeddable":true,"href":"https:\/\/krankenhauspfarramt.de\/index.php\/wp-json\/wp\/v2\/tags?post=4246"}],"curies":[{"name":"wp","href":"https:\/\/api.w.org\/{rel}","templated":true}]}}