{"id":4255,"date":"2022-03-02T15:02:29","date_gmt":"2022-03-02T15:02:29","guid":{"rendered":"https:\/\/krankenhauspfarramt.de\/index.php\/2022\/03\/02\/reformierter-bund-mit-neuem-generalsekretaer-ekd\/"},"modified":"2022-03-02T15:02:31","modified_gmt":"2022-03-02T15:02:31","slug":"reformierter-bund-mit-neuem-generalsekretaer-ekd","status":"publish","type":"post","link":"https:\/\/krankenhauspfarramt.de\/index.php\/2022\/03\/02\/reformierter-bund-mit-neuem-generalsekretaer-ekd\/","title":{"rendered":"Reformierter Bund mit neuem Generalsekret\u00e4r \u2013 EKD"},"content":{"rendered":"<p> <br \/>\n<\/p>\n<div>\n<p>Als Referent f\u00fcr reformierte Theologie \u00fcbernimmt Br\u00fcggemann-H\u00e4mmerling auch die Gesch\u00e4ftsf\u00fchrung des Theologischen Ausschusses der Union Evangelischer Kirchen (UEK), eines Zusammenschlusses innerhalb der Evangelischen Kirche in Deutschland (EKD). \u201eReformiert zu glauben hei\u00dft f\u00fcr mich, durchdacht zu glauben\u201c, betonte der neue Generalsekret\u00e4r.<\/p>\n<p>Der Reformierte Bund ist der Dachverband der evangelisch-reformierten Christen in Deutschland. Dem als Verein organisierten Bund geh\u00f6ren Einzelpersonen sowie die Evangelisch-reformierte Kirche mit Sitz in Leer und die Lippische Landeskirche an. Dazu kommen zahlreiche Kirchengemeinden vor allem aus den unierten Kirchen im Rheinland, in Westfalen, in Bremen und in Hessen-Nassau.<\/p>\n<p>Weltweit wird die Zahl der reformierten Christen auf 85 bis 100 Millionen gesch\u00e4tzt. 2005 verlegte der Reformierte Bund seinen Sitz nach Hannover. Dort befindet er sich seit 2014 mit der Weltgemeinschaft Reformierter Kirchen unter dem selben Dach.<\/p>\n<p>Die Wurzeln der reformierten Kirche liegen in der Schweizer Reformation des 16. Jahrhunderts. Zu ihren V\u00e4tern z\u00e4hlen die Reformatoren Ulrich Zwingli (1484-1531) aus Z\u00fcrich und Johannes Calvin (1509-1564) aus Genf. Beide setzten auf eine radikale Erneuerung der Kirche.<\/p>\n<\/p><\/div>\n","protected":false},"excerpt":{"rendered":"<p>Als Referent f\u00fcr reformierte Theologie \u00fcbernimmt Br\u00fcggemann-H\u00e4mmerling auch die Gesch\u00e4ftsf\u00fchrung des Theologischen Ausschusses der Union Evangelischer Kirchen (UEK), eines Zusammenschlusses<\/p>\n","protected":false},"author":1,"featured_media":4256,"comment_status":"closed","ping_status":"closed","sticky":false,"template":"","format":"standard","meta":{"footnotes":""},"categories":[20],"tags":[],"_links":{"self":[{"href":"https:\/\/krankenhauspfarramt.de\/index.php\/wp-json\/wp\/v2\/posts\/4255"}],"collection":[{"href":"https:\/\/krankenhauspfarramt.de\/index.php\/wp-json\/wp\/v2\/posts"}],"about":[{"href":"https:\/\/krankenhauspfarramt.de\/index.php\/wp-json\/wp\/v2\/types\/post"}],"author":[{"embeddable":true,"href":"https:\/\/krankenhauspfarramt.de\/index.php\/wp-json\/wp\/v2\/users\/1"}],"replies":[{"embeddable":true,"href":"https:\/\/krankenhauspfarramt.de\/index.php\/wp-json\/wp\/v2\/comments?post=4255"}],"version-history":[{"count":1,"href":"https:\/\/krankenhauspfarramt.de\/index.php\/wp-json\/wp\/v2\/posts\/4255\/revisions"}],"predecessor-version":[{"id":4257,"href":"https:\/\/krankenhauspfarramt.de\/index.php\/wp-json\/wp\/v2\/posts\/4255\/revisions\/4257"}],"wp:featuredmedia":[{"embeddable":true,"href":"https:\/\/krankenhauspfarramt.de\/index.php\/wp-json\/wp\/v2\/media\/4256"}],"wp:attachment":[{"href":"https:\/\/krankenhauspfarramt.de\/index.php\/wp-json\/wp\/v2\/media?parent=4255"}],"wp:term":[{"taxonomy":"category","embeddable":true,"href":"https:\/\/krankenhauspfarramt.de\/index.php\/wp-json\/wp\/v2\/categories?post=4255"},{"taxonomy":"post_tag","embeddable":true,"href":"https:\/\/krankenhauspfarramt.de\/index.php\/wp-json\/wp\/v2\/tags?post=4255"}],"curies":[{"name":"wp","href":"https:\/\/api.w.org\/{rel}","templated":true}]}}