{"id":4258,"date":"2022-03-03T14:13:17","date_gmt":"2022-03-03T14:13:17","guid":{"rendered":"https:\/\/krankenhauspfarramt.de\/index.php\/2022\/03\/03\/kinder-schuetzen-und-stark-machen-ekd\/"},"modified":"2022-03-03T14:13:19","modified_gmt":"2022-03-03T14:13:19","slug":"kinder-schuetzen-und-stark-machen-ekd","status":"publish","type":"post","link":"https:\/\/krankenhauspfarramt.de\/index.php\/2022\/03\/03\/kinder-schuetzen-und-stark-machen-ekd\/","title":{"rendered":"Kinder sch\u00fctzen und stark machen \u2013 EKD"},"content":{"rendered":"<p> <br \/>\n<\/p>\n<div id=\"\">\n<div class=\"article--meta article--meta__border clearfix\">\n<p>                                    <time datetime=\"03.03.2022 13:00\" class=\"article--time\">03.03.2022<\/time><strong class=\"article--type primus--overline\">Pressemitteilung<\/strong><\/p>\n<picture class=\"article--source-image image\"><source srcset=\"https:\/\/www.ekd.de\/ekd_de\/ds_img\/assets\/20170622_ekd-Quellenlogo_141_rdax_423x118.png\"><!--<source srcset=\"\/ekd_de\/ds_img\/assets\/20170622_ekd-Quellenlogo_141_rdax_141x39.png 1x, \/ekd_de\/ds_img\/assets\/20170622_ekd-Quellenlogo_141_rdax_282x78.png 2x, https:\/\/www.ekd.de\/ekd_de\/ds_img\/assets\/20170622_ekd-Quellenlogo_141_rdax_423x118.png 3x\">--><\/source><\/picture>\n<\/p><\/div>\n<h2 class=\"article--sub-headline primus--sub-headline\">EKD ver\u00f6ffentlicht Brosch\u00fcre zum Schutz von Kinderrechten in Deutschland<\/h2>\n<\/p><\/div>\n<div id=\"\">\n<p><span style=\"text-autospace:none\">Kinder sind Menschen mit eigenen Bed\u00fcrfnissen und Interessen, die Beachtung und Schutz verdienen. Ihre Rechte wurden 1989 in der Kinderrechtskonvention der Vereinten Nationen festgeschrieben. Dennoch stellte der UN-Kinderrechtsauschuss wiederholt fest, dass diese Rechte auch in Deutschland nicht ernsthaft genug umgesetzt werden. Durch die Corona-Krise haben sich Kinderarmut, mangelnde Teilhabem\u00f6glichkeiten und Bildungsungerechtigkeit sogar noch zugespitzt. Mit der heute erschienenen Brosch\u00fcre will die Evangelische Kirche in Deutschland (EKD) auf die Umsetzung von Kinderrechten aufmerksam machen und gibt Tipps f\u00fcr eine gelingende Umsetzung. Dabei geht es vor allem darum, Kinder besser zu sch\u00fctzen und zu st\u00e4rken.<\/span><\/p>\n<p>\u201eIn der Corona-Pandemie haben sich viele bereits vorhandene Probleme drastisch versch\u00e4rft\u201c, so die f\u00fcr Menschenrechtsfragen zust\u00e4ndige EKD-Auslandsbisch\u00f6fin Petra Bosse-Huber. \u201eDeshalb gilt mehr denn je, Kindern und Jugendlichen zu ihrem Recht zu verhelfen, sie zu sch\u00fctzen und stark zu machen. Denn es ist ihre Zukunft, die von Erwachsenen allzu oft aufs Spiel gesetzt oder preisgegeben wird\u201c.<\/p>\n<p>Umso mehr seien Erwachsene zu verantwortungsvollem Handeln aufgerufen: \u201eAls Christinnen und Christen sind wir \u00fcberzeugt, dass die Menschenw\u00fcrde, die Gott uns allen schenkt, uns in den Gesichtern, den Bed\u00fcrfnissen und Fragen der Kleinsten unverstellt begegnet\u201c, so Bosse Huber.<\/p>\n<p>Die Brosch\u00fcre der EKD fasst verst\u00e4ndlich und \u00fcbersichtlich zusammen, welche Rechte Kinder haben. Unter anderem werden Themen wie Bildungsgerechtigkeit, Freizeit oder Mitspracherecht von Kindern behandelt. Die Texte machen auf die entsprechenden Kinderrechte aufmerksam und geben Hintergrundinformationen und Tipps f\u00fcr Eltern. Passende Bibelzitate und liturgische Impulse regen an, das Thema Kinderrechte auch im Gottesdienst oder in der Gemeindearbeit zu thematisieren.<\/p>\n<p>Die Brosch\u00fcre steht unter www.ekd.de\/MenschenrechteKinderrechte zum Download zur Verf\u00fcgung und kann kostenlos bestellt werden unter versand@ekd.de.<\/p>\n<p>Hannover, 3. M\u00e4rz 2022<\/p>\n<p class=\"EKDAdressdaten\">Pressestelle der EKD<br \/>Carsten Splitt<\/p>\n<\/div>\n","protected":false},"excerpt":{"rendered":"<p>03.03.2022Pressemitteilung EKD ver\u00f6ffentlicht Brosch\u00fcre zum Schutz von Kinderrechten in Deutschland Kinder sind Menschen mit eigenen Bed\u00fcrfnissen und Interessen, die Beachtung<\/p>\n","protected":false},"author":1,"featured_media":4259,"comment_status":"closed","ping_status":"closed","sticky":false,"template":"","format":"standard","meta":{"footnotes":""},"categories":[20],"tags":[],"_links":{"self":[{"href":"https:\/\/krankenhauspfarramt.de\/index.php\/wp-json\/wp\/v2\/posts\/4258"}],"collection":[{"href":"https:\/\/krankenhauspfarramt.de\/index.php\/wp-json\/wp\/v2\/posts"}],"about":[{"href":"https:\/\/krankenhauspfarramt.de\/index.php\/wp-json\/wp\/v2\/types\/post"}],"author":[{"embeddable":true,"href":"https:\/\/krankenhauspfarramt.de\/index.php\/wp-json\/wp\/v2\/users\/1"}],"replies":[{"embeddable":true,"href":"https:\/\/krankenhauspfarramt.de\/index.php\/wp-json\/wp\/v2\/comments?post=4258"}],"version-history":[{"count":1,"href":"https:\/\/krankenhauspfarramt.de\/index.php\/wp-json\/wp\/v2\/posts\/4258\/revisions"}],"predecessor-version":[{"id":4260,"href":"https:\/\/krankenhauspfarramt.de\/index.php\/wp-json\/wp\/v2\/posts\/4258\/revisions\/4260"}],"wp:featuredmedia":[{"embeddable":true,"href":"https:\/\/krankenhauspfarramt.de\/index.php\/wp-json\/wp\/v2\/media\/4259"}],"wp:attachment":[{"href":"https:\/\/krankenhauspfarramt.de\/index.php\/wp-json\/wp\/v2\/media?parent=4258"}],"wp:term":[{"taxonomy":"category","embeddable":true,"href":"https:\/\/krankenhauspfarramt.de\/index.php\/wp-json\/wp\/v2\/categories?post=4258"},{"taxonomy":"post_tag","embeddable":true,"href":"https:\/\/krankenhauspfarramt.de\/index.php\/wp-json\/wp\/v2\/tags?post=4258"}],"curies":[{"name":"wp","href":"https:\/\/api.w.org\/{rel}","templated":true}]}}