{"id":4263,"date":"2022-03-07T11:22:20","date_gmt":"2022-03-07T11:22:20","guid":{"rendered":"https:\/\/krankenhauspfarramt.de\/index.php\/2022\/03\/07\/01-03-2022-landesjugendpfarrer-bernd-wildermuth-verabschiedet\/"},"modified":"2022-03-07T11:22:20","modified_gmt":"2022-03-07T11:22:20","slug":"01-03-2022-landesjugendpfarrer-bernd-wildermuth-verabschiedet","status":"publish","type":"post","link":"https:\/\/krankenhauspfarramt.de\/index.php\/2022\/03\/07\/01-03-2022-landesjugendpfarrer-bernd-wildermuth-verabschiedet\/","title":{"rendered":"01.03.2022 Landesjugendpfarrer Bernd Wildermuth verabschiedet"},"content":{"rendered":"<p><img decoding=\"async\" src=\"https:\/\/www.elk-wue.de\/\" \/><\/p>\n<div id=\"c35009\">\n<header>\n<h2 class=\"b_is-headline\">Landesjugendpfarrer Bernd Wildermuth verabschiedet<\/h2>\n<h3>Ruhestand nach 13 Jahren im Amt<\/h3>\n<\/header>\n<p>Stuttgart. Landesjugendpfarrer Bernd Wildermuth (65) ist zum 28. Februar in den Ruhestand verabschiedet worden. Er war seit November 2008 als Fachreferent f\u00fcr Jugendarbeit im evangelischen Oberkirchenrat in Stuttgart und zugleich als Landesjugendpfarrer und Bindeglied zum Evangelischen Jugendwerk in W\u00fcrttemberg (ejw) t\u00e4tig.<\/p>\n<p>Oberkirchenr\u00e4tin Carmen Rivuzumwami w\u00fcrdigt Wildermuths Arbeit: \u201eBernd Wildermuth hat\u00a0mit leidenschaftlichem Engagement, viel Herzblut und immer wieder viel Humor die Arbeit mit und f\u00fcr die Jugendlichen und jungen Erwachsenen vertreten und gef\u00f6rdert. Dabei hat er sein Ohr immer bei den Jugendlichen, nimmt wahr, welche Themen sie besch\u00e4ftigen. Er hat ma\u00dfgeblich an der Entwicklung von zeitgem\u00e4\u00dfen Strukturen, Angeboten und Projekten f\u00fcr Jugendliche aus unterschiedlichen sozialen Schichten und Fr\u00f6mmigkeitsprofilen mitgewirkt, sie als gro\u00dfartiger Netzwerker vorangetrieben und somit so machen Paradigmenwechsel, etwa in der Konfirmandenarbeit, mit eingeleitet. Als langj\u00e4hriger erster Vorsitzender der aej e.V. (Arbeitsgemeinschaft der evangelischen Jugendarbeit) hat er das Gemeinsame Sozialwort der Jugend (2016) gemeinsam mit dem BDKJ auf den Weg gebracht, das angesichts der Lage in Europa hochaktuell ist: Es braucht Ideen und Perspektiven der Jugend, \u201adamit die Welt zusammenh\u00e4lt!\u2018.\u201c<\/p>\n<p>Nach Studium, Vikariat und mehreren Gemeindepfarrstellen hatte Bernd Wildermuth sich seit 2001 auch mit der Neuordnung der Konfirmandenarbeit befasst, wechselte dann 2005 auf die Stelle als Landessch\u00fclerpfarrer und \u00fcbernahm schlie\u00dflich 2008 die Aufgabe als Landesjugendpfarrer.<\/p>\n<p>Bernd Wildermuths Nachfolge tritt der 46-j\u00e4hrige Stuttgarter Matthias Rumm an.<\/p>\n<p>\u00a0<\/p>\n<p>Dan Peter<br \/>Sprecher der Landeskirche\u00a0\u00a0\u00a0\u00a0\u00a0<\/p>\n<\/div>\n","protected":false},"excerpt":{"rendered":"<p>Landesjugendpfarrer Bernd Wildermuth verabschiedet Ruhestand nach 13 Jahren im Amt Stuttgart. Landesjugendpfarrer Bernd Wildermuth (65) ist zum 28. Februar in<\/p>\n","protected":false},"author":1,"featured_media":0,"comment_status":"closed","ping_status":"closed","sticky":false,"template":"","format":"standard","meta":{"footnotes":""},"categories":[21],"tags":[],"_links":{"self":[{"href":"https:\/\/krankenhauspfarramt.de\/index.php\/wp-json\/wp\/v2\/posts\/4263"}],"collection":[{"href":"https:\/\/krankenhauspfarramt.de\/index.php\/wp-json\/wp\/v2\/posts"}],"about":[{"href":"https:\/\/krankenhauspfarramt.de\/index.php\/wp-json\/wp\/v2\/types\/post"}],"author":[{"embeddable":true,"href":"https:\/\/krankenhauspfarramt.de\/index.php\/wp-json\/wp\/v2\/users\/1"}],"replies":[{"embeddable":true,"href":"https:\/\/krankenhauspfarramt.de\/index.php\/wp-json\/wp\/v2\/comments?post=4263"}],"version-history":[{"count":0,"href":"https:\/\/krankenhauspfarramt.de\/index.php\/wp-json\/wp\/v2\/posts\/4263\/revisions"}],"wp:attachment":[{"href":"https:\/\/krankenhauspfarramt.de\/index.php\/wp-json\/wp\/v2\/media?parent=4263"}],"wp:term":[{"taxonomy":"category","embeddable":true,"href":"https:\/\/krankenhauspfarramt.de\/index.php\/wp-json\/wp\/v2\/categories?post=4263"},{"taxonomy":"post_tag","embeddable":true,"href":"https:\/\/krankenhauspfarramt.de\/index.php\/wp-json\/wp\/v2\/tags?post=4263"}],"curies":[{"name":"wp","href":"https:\/\/api.w.org\/{rel}","templated":true}]}}