{"id":4271,"date":"2022-03-08T01:29:15","date_gmt":"2022-03-08T01:29:15","guid":{"rendered":"https:\/\/krankenhauspfarramt.de\/index.php\/2022\/03\/08\/peter-fischer-und-makkabi-mit-buber-rosenzweig-medaille-geehrt-ekd\/"},"modified":"2022-03-08T01:29:16","modified_gmt":"2022-03-08T01:29:16","slug":"peter-fischer-und-makkabi-mit-buber-rosenzweig-medaille-geehrt-ekd","status":"publish","type":"post","link":"https:\/\/krankenhauspfarramt.de\/index.php\/2022\/03\/08\/peter-fischer-und-makkabi-mit-buber-rosenzweig-medaille-geehrt-ekd\/","title":{"rendered":"Peter Fischer und Makkabi mit Buber-Rosenzweig-Medaille geehrt \u2013 EKD"},"content":{"rendered":"<p> <br \/>\n<\/p>\n<div>\n<p>Der Konflikt zwischen Russland und der Ukraine mache deutlich, dass Demokratie jeden Tag erk\u00e4mpft werden m\u00fcsse, betonte die Journalistin. Die Preistr\u00e4ger nutzten daf\u00fcr die Stimme des Sports. \u201eBitte erheben Sie ihre Stimme unverdrossen weiter!\u201c Sie sei sicher, dass sich die M\u00fchen lohnten \u201eangesichts der Rohheit, der Dummheit\u201c sowohl im Internet als auch auf der Stra\u00dfe.<\/p>\n<p>Fischer betonte, der Kampf gegen Rassismus und Antisemitismus stehe leider immer noch ganz am Anfang. Insofern sehe er die Auszeichnung als Ehre. \u201eWir haben aber nicht nach mehr Lametta gerufen, wir m\u00fcssen handeln.\u201c Makkabi-Pr\u00e4sident Alon Meyer sagte auch mit Blick auf die Ukraine, es gelte nun in besonderem Ma\u00dfe, die \u201eAnst\u00e4ndigen, die auf unserer Seite sind\u201c zu erreichen. \u201eDiese Menschen m\u00fcssen wir noch viel st\u00e4rker mobilisieren und zu Botschaftern machen, die eintreten f\u00fcr die Demokratie &#8211; dann erreichen wir auch alle anderen.\u201c<\/p>\n<p>Seit 1952 veranstalten die Gesellschaften f\u00fcr Christlich-J\u00fcdische Zusammenarbeit j\u00e4hrlich die \u201eWoche der Br\u00fcderlichkeit\u201c mit bundesweit zahlreichen Veranstaltungen &#8211; in diesem Jahr unter dem Motto \u201eFair Play &#8211; Jeder Mensch z\u00e4hlt\u201c.<\/p>\n<p>Die Auszeichnung ist nach den j\u00fcdischen Philosophen Martin Buber (1878-1965) und Franz Rosenzweig (1886-1929) benannt. Sie wird seit 1968 j\u00e4hrlich von den Gesellschaften f\u00fcr Christlich-J\u00fcdische Zusammenarbeit an Personen, Institutionen oder Initiativen vergeben, die sich in besonderer Weise f\u00fcr die Verst\u00e4ndigung zwischen Christen und Juden einsetzen.<\/p>\n<\/p><\/div>\n","protected":false},"excerpt":{"rendered":"<p>Der Konflikt zwischen Russland und der Ukraine mache deutlich, dass Demokratie jeden Tag erk\u00e4mpft werden m\u00fcsse, betonte die Journalistin. Die<\/p>\n","protected":false},"author":1,"featured_media":4272,"comment_status":"closed","ping_status":"closed","sticky":false,"template":"","format":"standard","meta":{"footnotes":""},"categories":[20],"tags":[],"_links":{"self":[{"href":"https:\/\/krankenhauspfarramt.de\/index.php\/wp-json\/wp\/v2\/posts\/4271"}],"collection":[{"href":"https:\/\/krankenhauspfarramt.de\/index.php\/wp-json\/wp\/v2\/posts"}],"about":[{"href":"https:\/\/krankenhauspfarramt.de\/index.php\/wp-json\/wp\/v2\/types\/post"}],"author":[{"embeddable":true,"href":"https:\/\/krankenhauspfarramt.de\/index.php\/wp-json\/wp\/v2\/users\/1"}],"replies":[{"embeddable":true,"href":"https:\/\/krankenhauspfarramt.de\/index.php\/wp-json\/wp\/v2\/comments?post=4271"}],"version-history":[{"count":1,"href":"https:\/\/krankenhauspfarramt.de\/index.php\/wp-json\/wp\/v2\/posts\/4271\/revisions"}],"predecessor-version":[{"id":4273,"href":"https:\/\/krankenhauspfarramt.de\/index.php\/wp-json\/wp\/v2\/posts\/4271\/revisions\/4273"}],"wp:featuredmedia":[{"embeddable":true,"href":"https:\/\/krankenhauspfarramt.de\/index.php\/wp-json\/wp\/v2\/media\/4272"}],"wp:attachment":[{"href":"https:\/\/krankenhauspfarramt.de\/index.php\/wp-json\/wp\/v2\/media?parent=4271"}],"wp:term":[{"taxonomy":"category","embeddable":true,"href":"https:\/\/krankenhauspfarramt.de\/index.php\/wp-json\/wp\/v2\/categories?post=4271"},{"taxonomy":"post_tag","embeddable":true,"href":"https:\/\/krankenhauspfarramt.de\/index.php\/wp-json\/wp\/v2\/tags?post=4271"}],"curies":[{"name":"wp","href":"https:\/\/api.w.org\/{rel}","templated":true}]}}