{"id":4277,"date":"2022-03-09T18:02:26","date_gmt":"2022-03-09T18:02:26","guid":{"rendered":"https:\/\/krankenhauspfarramt.de\/index.php\/2022\/03\/09\/kirchenaustritt-eher-laengerer-prozess-ekd\/"},"modified":"2022-03-09T18:02:28","modified_gmt":"2022-03-09T18:02:28","slug":"kirchenaustritt-eher-laengerer-prozess-ekd","status":"publish","type":"post","link":"https:\/\/krankenhauspfarramt.de\/index.php\/2022\/03\/09\/kirchenaustritt-eher-laengerer-prozess-ekd\/","title":{"rendered":"Kirchenaustritt eher l\u00e4ngerer Prozess \u2013 EKD"},"content":{"rendered":"<p> <br \/>\n<\/p>\n<div>\n<p>Nur eine Minderheit der Befragten habe einen konkreten Anlass zum Kirchenaustritt (24 Prozent vormals Evangelische, 37 Prozent vormals Katholische), hie\u00df es weiter in der Studie. J\u00fcngere Befragte veranschlagen demnach konkrete Anl\u00e4sse seltener als \u00c4ltere, und sie geben h\u00e4ufiger an, diesen Schritt schon l\u00e4nger entschieden zu haben. Fast ein F\u00fcnftel unter ihnen nutze eine sich ergebende \u201egute Gelegenheit\u201c.<\/p>\n<p>Bei den weiterreichenden Gr\u00fcnden f\u00fcr den Kirchenaustritt kristallisiere sich eine empfundene \u201epers\u00f6nliche Irrelevanz\u201c von Religion und Kirche als wichtiger Faktor heraus, so die Soziologin Ahrens. In diesem Zusammenhang werde gerade bei den vormals Evangelischen auch die mit dem Kirchenaustritt verbundene Ersparnis der Kirchensteuer als Grund angef\u00fchrt (71 Prozent zustimmende Voten).<\/p>\n<p>Ahrens: \u201eDamit best\u00e4tigt sich die gel\u00e4ufige Figur einer &#8218;Kosten-Nutzen-Abw\u00e4gung&#8216; zur Kirchenmitgliedschaft, die bei fehlender religi\u00f6s-kirchlicher Bindung einen Austritt wahrscheinlicher macht.\u201c Insbesondere bei den vormals Evangelischen lasse sich der zunehmende Bedeutungsverlust eines religi\u00f6sen Selbstverst\u00e4ndnisses \u00fcber die Generationenfolge hinweg ablesen, erkl\u00e4rte die Kirchensoziologin.<\/p>\n<p>F\u00fcr die bundesweite Studie durch das Sozialwissenschaftliche Institut der Evangelischen Kirche in Deutschland (EKD) wurden den Angaben zufolge insgesamt 1.500 Personen befragt, die aus der evangelischen oder katholischen Kirche austreten sind. 1.000 Befragte waren seit 2018 ausgetreten, 500 Befragte vor dem Jahr 2018. Vor dem Hintergrund der sogenannten bisherigen Austrittsspitze 2019 sollte unter anderem die Bedeutung konkreter Anl\u00e4sse f\u00fcr die Austrittsentscheidung untersucht werden. Im Jahr 2021 beendeten mit 280.000 noch einmal mehr Menschen die Mitgliedschaft in der evangelischen Kirche als im bisherigen Spitzenjahr 2019 (270.000).<\/p>\n<\/p><\/div>\n","protected":false},"excerpt":{"rendered":"<p>Nur eine Minderheit der Befragten habe einen konkreten Anlass zum Kirchenaustritt (24 Prozent vormals Evangelische, 37 Prozent vormals Katholische), hie\u00df<\/p>\n","protected":false},"author":1,"featured_media":4278,"comment_status":"closed","ping_status":"closed","sticky":false,"template":"","format":"standard","meta":{"footnotes":""},"categories":[20],"tags":[],"_links":{"self":[{"href":"https:\/\/krankenhauspfarramt.de\/index.php\/wp-json\/wp\/v2\/posts\/4277"}],"collection":[{"href":"https:\/\/krankenhauspfarramt.de\/index.php\/wp-json\/wp\/v2\/posts"}],"about":[{"href":"https:\/\/krankenhauspfarramt.de\/index.php\/wp-json\/wp\/v2\/types\/post"}],"author":[{"embeddable":true,"href":"https:\/\/krankenhauspfarramt.de\/index.php\/wp-json\/wp\/v2\/users\/1"}],"replies":[{"embeddable":true,"href":"https:\/\/krankenhauspfarramt.de\/index.php\/wp-json\/wp\/v2\/comments?post=4277"}],"version-history":[{"count":1,"href":"https:\/\/krankenhauspfarramt.de\/index.php\/wp-json\/wp\/v2\/posts\/4277\/revisions"}],"predecessor-version":[{"id":4279,"href":"https:\/\/krankenhauspfarramt.de\/index.php\/wp-json\/wp\/v2\/posts\/4277\/revisions\/4279"}],"wp:featuredmedia":[{"embeddable":true,"href":"https:\/\/krankenhauspfarramt.de\/index.php\/wp-json\/wp\/v2\/media\/4278"}],"wp:attachment":[{"href":"https:\/\/krankenhauspfarramt.de\/index.php\/wp-json\/wp\/v2\/media?parent=4277"}],"wp:term":[{"taxonomy":"category","embeddable":true,"href":"https:\/\/krankenhauspfarramt.de\/index.php\/wp-json\/wp\/v2\/categories?post=4277"},{"taxonomy":"post_tag","embeddable":true,"href":"https:\/\/krankenhauspfarramt.de\/index.php\/wp-json\/wp\/v2\/tags?post=4277"}],"curies":[{"name":"wp","href":"https:\/\/api.w.org\/{rel}","templated":true}]}}