{"id":4285,"date":"2022-03-11T14:33:53","date_gmt":"2022-03-11T14:33:53","guid":{"rendered":"https:\/\/krankenhauspfarramt.de\/index.php\/2022\/03\/11\/wie-gemeinden-heute-taufe-feiern-ekd\/"},"modified":"2022-03-11T14:34:00","modified_gmt":"2022-03-11T14:34:00","slug":"wie-gemeinden-heute-taufe-feiern-ekd","status":"publish","type":"post","link":"https:\/\/krankenhauspfarramt.de\/index.php\/2022\/03\/11\/wie-gemeinden-heute-taufe-feiern-ekd\/","title":{"rendered":"Wie Gemeinden heute Taufe feiern \u2013 EKD"},"content":{"rendered":"<p> <br \/>\n<\/p>\n<div>\n<p>Auch wenn die inhaltliche Bedeutung bestehen bleibt, haben sich die Gestaltungsm\u00f6glichkeiten der Taufe und Tauffeiern in den evangelischen Landeskirchen im Laufe der Zeit ge\u00e4ndert. Es werden mittlerweile immer mehr Taufen nachgefragt, die au\u00dferhalb des Gotteshauses gefeiert werden. Regina Sommer, Theologin an der Universit\u00e4t Marburg, ist Expertin f\u00fcr die Ver\u00e4nderungen in der evangelischen Taufpraxis. In einer qualitativ-empirischen Studie f\u00fchrte sie Interviews mit Tauffamilien und fragte diese nach ihren Erfahrungen mit der Taufe ihres Kindes. Welche Vorstellungen und W\u00fcnsche Eltern mit der Taufe ihres Kindes verbinden, erfuhr Sommer ebenfalls aus diesen Gespr\u00e4chen.<\/p>\n<p>Demnach w\u00fcnschten sich immer mehr Familien eine Feier, die sich ganz auf den Anlass und ihr pers\u00f6nliches Erleben einstelle. Vielen Eltern sei es wichtig, dass Pfarrerinnen und Pfarrer im Taufgottesdienst auf die Ver\u00e4nderungen eingehen, welche die Geburt eines Kindes f\u00fcr ihre Partnerschaft und Familie bedeute, und auf die k\u00fcnftigen Herausforderungen, die das Elternsein mit sich bringe. Um die Anreise aller Familienmitglieder zu erleichtern, gebe es zunehmend auch Tauffeiern an Samstagnachmittagen.<\/p>\n<h3>Tauffeste individuell gestalten<\/h3>\n<p>Auch die Kirchengemeinden sp\u00fcrten den Wunsch nach einer besonderen Gestaltung von Kindertaufen und versuchten mit neuen Angeboten darauf zu reagieren, berichtet Regina Sommer. Die Ortsgemeinden m\u00f6chten den jungen Familien Heimat bieten und den Alltag der Heranwachsenden begleiten. In vielen Landeskirchen haben sich deshalb neue Modelle f\u00fcr Tauffeste eingeb\u00fcrgert. Regina Sommer erz\u00e4hlt von immer mehr Gemeinden, die aktiv f\u00fcr gemeinsame Tauffeste werben und evangelische Familien ungetaufter Kinder dazu einladen. Dahinter stehe die Idee, einen zentralen Taufgottesdienst anzubieten und diesen f\u00fcr die Beteiligten stimmig zu gestalten.<\/p>\n<\/p><\/div>\n","protected":false},"excerpt":{"rendered":"<p>Auch wenn die inhaltliche Bedeutung bestehen bleibt, haben sich die Gestaltungsm\u00f6glichkeiten der Taufe und Tauffeiern in den evangelischen Landeskirchen im<\/p>\n","protected":false},"author":1,"featured_media":4286,"comment_status":"closed","ping_status":"closed","sticky":false,"template":"","format":"standard","meta":{"footnotes":""},"categories":[20],"tags":[],"_links":{"self":[{"href":"https:\/\/krankenhauspfarramt.de\/index.php\/wp-json\/wp\/v2\/posts\/4285"}],"collection":[{"href":"https:\/\/krankenhauspfarramt.de\/index.php\/wp-json\/wp\/v2\/posts"}],"about":[{"href":"https:\/\/krankenhauspfarramt.de\/index.php\/wp-json\/wp\/v2\/types\/post"}],"author":[{"embeddable":true,"href":"https:\/\/krankenhauspfarramt.de\/index.php\/wp-json\/wp\/v2\/users\/1"}],"replies":[{"embeddable":true,"href":"https:\/\/krankenhauspfarramt.de\/index.php\/wp-json\/wp\/v2\/comments?post=4285"}],"version-history":[{"count":1,"href":"https:\/\/krankenhauspfarramt.de\/index.php\/wp-json\/wp\/v2\/posts\/4285\/revisions"}],"predecessor-version":[{"id":4287,"href":"https:\/\/krankenhauspfarramt.de\/index.php\/wp-json\/wp\/v2\/posts\/4285\/revisions\/4287"}],"wp:featuredmedia":[{"embeddable":true,"href":"https:\/\/krankenhauspfarramt.de\/index.php\/wp-json\/wp\/v2\/media\/4286"}],"wp:attachment":[{"href":"https:\/\/krankenhauspfarramt.de\/index.php\/wp-json\/wp\/v2\/media?parent=4285"}],"wp:term":[{"taxonomy":"category","embeddable":true,"href":"https:\/\/krankenhauspfarramt.de\/index.php\/wp-json\/wp\/v2\/categories?post=4285"},{"taxonomy":"post_tag","embeddable":true,"href":"https:\/\/krankenhauspfarramt.de\/index.php\/wp-json\/wp\/v2\/tags?post=4285"}],"curies":[{"name":"wp","href":"https:\/\/api.w.org\/{rel}","templated":true}]}}