{"id":4290,"date":"2022-03-14T12:02:29","date_gmt":"2022-03-14T12:02:29","guid":{"rendered":"https:\/\/krankenhauspfarramt.de\/index.php\/2022\/03\/14\/kirchentag-kommt-vom-30-april-bis-4-mai-2025-nach-hannover-ekd\/"},"modified":"2022-03-14T12:02:37","modified_gmt":"2022-03-14T12:02:37","slug":"kirchentag-kommt-vom-30-april-bis-4-mai-2025-nach-hannover-ekd","status":"publish","type":"post","link":"https:\/\/krankenhauspfarramt.de\/index.php\/2022\/03\/14\/kirchentag-kommt-vom-30-april-bis-4-mai-2025-nach-hannover-ekd\/","title":{"rendered":"Kirchentag kommt vom 30. April bis 4. Mai 2025 nach Hannover \u2013 EKD"},"content":{"rendered":"<p> <br \/>\n<\/p>\n<div>\n<p>Zum landeskirchlichen Beauftragten f\u00fcr den Kirchentag 2025 wurde der Theologe Andreas Behr benannt. Der 51-j\u00e4hrige, der zurzeit als Dozent f\u00fcr Konfirmandenarbeit am Religionsp\u00e4dagogischen Institut Loccum t\u00e4tig ist, tritt seinen Dienst den Informationen zufolge im Juni 2022 an. Zu seinen Aufgaben geh\u00f6rt der Aufbau eines regionalen Netzwerkes, die Sicherstellung von Informationsfl\u00fcssen sowie Planung und Umsetzung landeskirchlicher Projekte w\u00e4hrend des Kirchentages.<\/p>\n<p>Der Deutsche Evangelische Kirchentag ist ein zentrales Ereignis der evangelischen Kirche. Er wurde 1949 als christliche Laienbewegung gegr\u00fcndet und wird alle zwei Jahre in einer anderen deutschen Gro\u00dfstadt ausgerichtet. Das n\u00e4chste bundesweite Protestantentreffen findet vom 7. bis 11. Juni 2023 in N\u00fcrnberg statt.<\/p>\n<p>2025 kehrt der Kirchentag dann mit rund 2.000 kulturellen, spirituellen und gesellschaftspolitischen Einzelveranstaltungen zum insgesamt vierten Mal in seine Gr\u00fcndungsstadt Hannover zur\u00fcck.<\/p>\n<\/p><\/div>\n","protected":false},"excerpt":{"rendered":"<p>Zum landeskirchlichen Beauftragten f\u00fcr den Kirchentag 2025 wurde der Theologe Andreas Behr benannt. Der 51-j\u00e4hrige, der zurzeit als Dozent f\u00fcr<\/p>\n","protected":false},"author":1,"featured_media":4291,"comment_status":"closed","ping_status":"closed","sticky":false,"template":"","format":"standard","meta":{"footnotes":""},"categories":[20],"tags":[],"_links":{"self":[{"href":"https:\/\/krankenhauspfarramt.de\/index.php\/wp-json\/wp\/v2\/posts\/4290"}],"collection":[{"href":"https:\/\/krankenhauspfarramt.de\/index.php\/wp-json\/wp\/v2\/posts"}],"about":[{"href":"https:\/\/krankenhauspfarramt.de\/index.php\/wp-json\/wp\/v2\/types\/post"}],"author":[{"embeddable":true,"href":"https:\/\/krankenhauspfarramt.de\/index.php\/wp-json\/wp\/v2\/users\/1"}],"replies":[{"embeddable":true,"href":"https:\/\/krankenhauspfarramt.de\/index.php\/wp-json\/wp\/v2\/comments?post=4290"}],"version-history":[{"count":1,"href":"https:\/\/krankenhauspfarramt.de\/index.php\/wp-json\/wp\/v2\/posts\/4290\/revisions"}],"predecessor-version":[{"id":4292,"href":"https:\/\/krankenhauspfarramt.de\/index.php\/wp-json\/wp\/v2\/posts\/4290\/revisions\/4292"}],"wp:featuredmedia":[{"embeddable":true,"href":"https:\/\/krankenhauspfarramt.de\/index.php\/wp-json\/wp\/v2\/media\/4291"}],"wp:attachment":[{"href":"https:\/\/krankenhauspfarramt.de\/index.php\/wp-json\/wp\/v2\/media?parent=4290"}],"wp:term":[{"taxonomy":"category","embeddable":true,"href":"https:\/\/krankenhauspfarramt.de\/index.php\/wp-json\/wp\/v2\/categories?post=4290"},{"taxonomy":"post_tag","embeddable":true,"href":"https:\/\/krankenhauspfarramt.de\/index.php\/wp-json\/wp\/v2\/tags?post=4290"}],"curies":[{"name":"wp","href":"https:\/\/api.w.org\/{rel}","templated":true}]}}