{"id":4295,"date":"2022-03-14T16:03:37","date_gmt":"2022-03-14T16:03:37","guid":{"rendered":"https:\/\/krankenhauspfarramt.de\/index.php\/2022\/03\/14\/rettungsschiff-sea-eye-4-startet-zum-fuenften-einsatz-ekd\/"},"modified":"2022-03-14T16:03:44","modified_gmt":"2022-03-14T16:03:44","slug":"rettungsschiff-sea-eye-4-startet-zum-fuenften-einsatz-ekd","status":"publish","type":"post","link":"https:\/\/krankenhauspfarramt.de\/index.php\/2022\/03\/14\/rettungsschiff-sea-eye-4-startet-zum-fuenften-einsatz-ekd\/","title":{"rendered":"Rettungsschiff \u201eSea Eye 4\u201c startet zum f\u00fcnften Einsatz \u2013 EKD"},"content":{"rendered":"<p> <br \/>\n<\/p>\n<div>\n<p>Derweil wartet die Crew der \u201eGeo Barents\u201c von \u201e\u00c4rzte ohne Grenzen\u201c immer noch auf die Zuweisung eines Hafens. Die Helfer hatten am vergangenen Wochenende 111 Gefl\u00fcchtete in Seenot gerettet, darunter 52 Minderj\u00e4hrige. Die \u201eOpen Arms\u201c der gleichnamigen spanischen Organisation konnte am Samstag 28 Fl\u00fcchtlinge nach Sizilien bringen, die sie ebenfalls vor einer Woche gerettet hatte.<\/p>\n<p>Der Einsatz der \u201eSea Eye 4\u201c beginnt nach einer zehn Wochen langen Pause, in der das Schiff auf Werft lag. Zuletzt hatte das Schiff Mitte Dezember in vier Rettungseins\u00e4tzen 223 Menschen vor der maltesischen K\u00fcste gerettet.<\/p>\n<p>Die Fahrt \u00fcber das Mittelmeer geh\u00f6rt zu den gef\u00e4hrlichsten Fluchtrouten der Welt. Laut der Internationalen Organisation f\u00fcr Migration (IOM) sind seit Beginn des Jahres mindestens 234 Menschen bei der \u00dcberfahrt ums Leben gekommen oder werden vermisst. 2021 waren es 2.048 Menschen. Die Dunkelziffer d\u00fcrfte weit h\u00f6her liegen.<\/p>\n<\/p><\/div>\n","protected":false},"excerpt":{"rendered":"<p>Derweil wartet die Crew der \u201eGeo Barents\u201c von \u201e\u00c4rzte ohne Grenzen\u201c immer noch auf die Zuweisung eines Hafens. Die Helfer<\/p>\n","protected":false},"author":1,"featured_media":4296,"comment_status":"closed","ping_status":"closed","sticky":false,"template":"","format":"standard","meta":{"footnotes":""},"categories":[20],"tags":[],"_links":{"self":[{"href":"https:\/\/krankenhauspfarramt.de\/index.php\/wp-json\/wp\/v2\/posts\/4295"}],"collection":[{"href":"https:\/\/krankenhauspfarramt.de\/index.php\/wp-json\/wp\/v2\/posts"}],"about":[{"href":"https:\/\/krankenhauspfarramt.de\/index.php\/wp-json\/wp\/v2\/types\/post"}],"author":[{"embeddable":true,"href":"https:\/\/krankenhauspfarramt.de\/index.php\/wp-json\/wp\/v2\/users\/1"}],"replies":[{"embeddable":true,"href":"https:\/\/krankenhauspfarramt.de\/index.php\/wp-json\/wp\/v2\/comments?post=4295"}],"version-history":[{"count":1,"href":"https:\/\/krankenhauspfarramt.de\/index.php\/wp-json\/wp\/v2\/posts\/4295\/revisions"}],"predecessor-version":[{"id":4297,"href":"https:\/\/krankenhauspfarramt.de\/index.php\/wp-json\/wp\/v2\/posts\/4295\/revisions\/4297"}],"wp:featuredmedia":[{"embeddable":true,"href":"https:\/\/krankenhauspfarramt.de\/index.php\/wp-json\/wp\/v2\/media\/4296"}],"wp:attachment":[{"href":"https:\/\/krankenhauspfarramt.de\/index.php\/wp-json\/wp\/v2\/media?parent=4295"}],"wp:term":[{"taxonomy":"category","embeddable":true,"href":"https:\/\/krankenhauspfarramt.de\/index.php\/wp-json\/wp\/v2\/categories?post=4295"},{"taxonomy":"post_tag","embeddable":true,"href":"https:\/\/krankenhauspfarramt.de\/index.php\/wp-json\/wp\/v2\/tags?post=4295"}],"curies":[{"name":"wp","href":"https:\/\/api.w.org\/{rel}","templated":true}]}}