{"id":4310,"date":"2022-03-15T12:33:24","date_gmt":"2022-03-15T12:33:24","guid":{"rendered":"https:\/\/krankenhauspfarramt.de\/index.php\/2022\/03\/15\/kurschus-ruft-zur-aufnahme-ukrainischer-fluechtlinge-auf-ekd\/"},"modified":"2022-03-15T12:33:31","modified_gmt":"2022-03-15T12:33:31","slug":"kurschus-ruft-zur-aufnahme-ukrainischer-fluechtlinge-auf-ekd","status":"publish","type":"post","link":"https:\/\/krankenhauspfarramt.de\/index.php\/2022\/03\/15\/kurschus-ruft-zur-aufnahme-ukrainischer-fluechtlinge-auf-ekd\/","title":{"rendered":"Kurschus ruft zur Aufnahme ukrainischer Fl\u00fcchtlinge auf \u2013 EKD"},"content":{"rendered":"<p> <br \/>\n<\/p>\n<div>\n<p>\u201e\u00d6ffnen Sie H\u00e4user, stellen Sie R\u00e4ume zur Verf\u00fcgung f\u00fcr Kinderbetreuung und zur Begegnung\u201c, appellierte die Pr\u00e4ses der westf\u00e4lischen Landeskirche in einem Brief an die Superintendenten der 27 Kirchenkreise in Westfalen. Die Fl\u00fcchtlinge sollten begleitet werden, Alltagshilfen bekommen und die deutsche Sprache lernen k\u00f6nnen. Nicht zuletzt sollten sie \u201esp\u00fcren, dass sie willkommen sind\u201c.<\/p>\n<p>Kurschus w\u00fcrdigte das bereits angelaufene Engagement in Kirche und Diakonie. Viele seien in den vergangenen Tagen schon intensiv in der Hilfe f\u00fcr die Kriegsfl\u00fcchtlinge aktiv geworden. Vermutlich werde es ein langer Weg, sagte die Pr\u00e4ses: \u201eDie Not der Menschen und unsere eigenen Aufrufe zur Solidarit\u00e4t verpflichten uns.\u201c Wichtig sei eine enge Kooperation mit den Kommunen und Landkreisen, betonte die leitende Theologin.<\/p>\n<\/p><\/div>\n","protected":false},"excerpt":{"rendered":"<p>\u201e\u00d6ffnen Sie H\u00e4user, stellen Sie R\u00e4ume zur Verf\u00fcgung f\u00fcr Kinderbetreuung und zur Begegnung\u201c, appellierte die Pr\u00e4ses der westf\u00e4lischen Landeskirche in<\/p>\n","protected":false},"author":1,"featured_media":4311,"comment_status":"closed","ping_status":"closed","sticky":false,"template":"","format":"standard","meta":{"footnotes":""},"categories":[20],"tags":[],"_links":{"self":[{"href":"https:\/\/krankenhauspfarramt.de\/index.php\/wp-json\/wp\/v2\/posts\/4310"}],"collection":[{"href":"https:\/\/krankenhauspfarramt.de\/index.php\/wp-json\/wp\/v2\/posts"}],"about":[{"href":"https:\/\/krankenhauspfarramt.de\/index.php\/wp-json\/wp\/v2\/types\/post"}],"author":[{"embeddable":true,"href":"https:\/\/krankenhauspfarramt.de\/index.php\/wp-json\/wp\/v2\/users\/1"}],"replies":[{"embeddable":true,"href":"https:\/\/krankenhauspfarramt.de\/index.php\/wp-json\/wp\/v2\/comments?post=4310"}],"version-history":[{"count":1,"href":"https:\/\/krankenhauspfarramt.de\/index.php\/wp-json\/wp\/v2\/posts\/4310\/revisions"}],"predecessor-version":[{"id":4312,"href":"https:\/\/krankenhauspfarramt.de\/index.php\/wp-json\/wp\/v2\/posts\/4310\/revisions\/4312"}],"wp:featuredmedia":[{"embeddable":true,"href":"https:\/\/krankenhauspfarramt.de\/index.php\/wp-json\/wp\/v2\/media\/4311"}],"wp:attachment":[{"href":"https:\/\/krankenhauspfarramt.de\/index.php\/wp-json\/wp\/v2\/media?parent=4310"}],"wp:term":[{"taxonomy":"category","embeddable":true,"href":"https:\/\/krankenhauspfarramt.de\/index.php\/wp-json\/wp\/v2\/categories?post=4310"},{"taxonomy":"post_tag","embeddable":true,"href":"https:\/\/krankenhauspfarramt.de\/index.php\/wp-json\/wp\/v2\/tags?post=4310"}],"curies":[{"name":"wp","href":"https:\/\/api.w.org\/{rel}","templated":true}]}}