{"id":4336,"date":"2022-03-21T11:45:09","date_gmt":"2022-03-21T11:45:09","guid":{"rendered":"https:\/\/krankenhauspfarramt.de\/index.php\/2022\/03\/21\/gratulationen-kirchlicher-partner-zur-wahl-ernst-wilhelm-gohls-zum-neuen-landesbischof\/"},"modified":"2022-03-21T11:45:09","modified_gmt":"2022-03-21T11:45:09","slug":"gratulationen-kirchlicher-partner-zur-wahl-ernst-wilhelm-gohls-zum-neuen-landesbischof","status":"publish","type":"post","link":"https:\/\/krankenhauspfarramt.de\/index.php\/2022\/03\/21\/gratulationen-kirchlicher-partner-zur-wahl-ernst-wilhelm-gohls-zum-neuen-landesbischof\/","title":{"rendered":"Gratulationen kirchlicher Partner zur Wahl Ernst-Wilhelm Gohls zum neuen Landesbischof"},"content":{"rendered":"<p><img decoding=\"async\" src=\"https:\/\/www.elk-wue.de\/\" \/><\/p>\n<div id=\"c35354\">\n<header>\n<h2 class=\"b_is-headline\">Ernst-Wilhelm Gohl wird Landesbischof der Evangelischen Landeskirche in W\u00fcrttemberg<\/h2>\n<h3>Kirchliche Partner gratulieren<\/h3>\n<\/header>\n<p>Stuttgart. Die 16. W\u00fcrttembergische Evangelische Landessynode hat am Samstag, den 19. M\u00e4rz 2022 Ernst Wilhelm Gohl (Ulm) zum neuen Landesbischof der w\u00fcrttembergischen Landeskirche gew\u00e4hlt.<\/p>\n<p>Seine offizielle Einsetzung wird am 24. Juli bei einem Gottesdienst in der Stuttgarter Stiftskirche erfolgen. Im gleichen Gottesdienst wird der amtierende Landesbischof Dr. h.c. Frank Otfried July verabschiedet.<\/p>\n<p>Nachfolgend eine Zusammenschau der ersten Gratulationen:<\/p>\n<p><strong>Landesbischof dr. h. c. Frank Otfried July<\/strong><\/p>\n<p>\u201eIch gratuliere sehr herzlich und w\u00fcnsche Gottes Segensgeleit,\u201c sagte Landesbischof Dr. h. c. Frank Otfried July an seinen Nachfolger gerichtet. \u201eIch freue mich, dass in den Herausforderungen und Ver\u00e4nderungsprozessen der n\u00e4chsten Jahre mit Ernst-Wilhelm Gohl eine Person Verantwortung \u00fcbernimmt, die gewillt ist, diese Prozesse mitzusteuern und mitzugestalten und dies im geistlichen Horizont des Auftrags der Landeskirche, das Evangelium von Jesus Christus zu verk\u00fcndigen. Gerne werde ich in den n\u00e4chsten Wochen im Gespr\u00e4ch mit Herrn Gohl eine gute \u00dcbergabe vorbereiten.\u201c<\/p>\n<p><strong>Synodalpr\u00e4sidentin Sabine Foth<\/strong>, die auch Vorsitzende des Wahl-Nominierungsausschusses ist, erkl\u00e4rte: \u201eMit Ernst-Wilhelm Gohl ist ein Pfarrer an die Spitze der Landeskirche gew\u00e4hlt worden, der vielf\u00e4ltige Erfahrungen in unterschiedlichen Arbeitsfeldern als Theologe gesammelt hat und diese nun der gesamten Kirche zugutekommen l\u00e4sst. Ich freue mich auf die Zusammenarbeit mit ihm.\u201c<\/p>\n<p><strong>Bischof Dr. Gebhard F\u00fcrst von der Di\u00f6zese Rottenburg-Stuttgart <\/strong><\/p>\n<p>\u201e\u00d6kumenisches Miteinander ist in W\u00fcrttemberg seit vielen Jahren gute Tradition. Ich freue mich sehr \u00fcber die Wahl von Ernst-Wilhelm Gohl zum Bischof der Evangelischen Landeskirche in W\u00fcrttemberg. Als erfahrener Seelsorger und Dekan von Ulm, ist Gohl mit den Sorgen und Anliegen der Kirchengemeinden bestens vertraut. Den Menschen eine geistliche Heimat zu geben, an ihren verschiedenen Lebensorten, dieses Anliegen teile ich gern mit ihm in \u00f6kumenischer Verbundenheit. Als Bischof der Di\u00f6zese Rottenburg-Stuttgart freue ich mich auf die k\u00fcnftige Zusammenarbeit mit Landesbischof Ernst-Wilhelm Gohl und w\u00fcnsche ihm Gottes Segen f\u00fcr sein Wirken.\u201c<\/p>\n<p><strong>Landesbischof Dr. Jochen Cornelius-Bundschuh von der Evangelischen Landeskirche in Baden <\/strong><\/p>\n<p>\u201eIch gratuliere Herrn Ernst-Wilhelm Gohl auch im Namen meiner Nachfolgerin Heike Springhart ganz herzlich zur Wahl zum Landesbischof und w\u00fcnsche ihm Gottes Segen f\u00fcr seinen Dienst! Wir sind als badische Landeskirche dankbar f\u00fcr das gute Miteinander mit der Evangelischen Landeskirche in W\u00fcrttemberg. Wir freuen uns darauf, die Kooperation weiter zu vertiefen, um gemeinsam auch mit unseren katholischen Geschwistern in Baden-W\u00fcrttemberg den christlichen Glauben und die Verantwortung f\u00fcr das Gemeinwesen zu st\u00e4rken.\u201c<\/p>\n<p><strong>EKD Ratsvorsitzende und Pr\u00e4ses der Evangelischen Kirche von Westfalen Annette Kurschus <\/strong><\/p>\n<p>\u201eIch freue mich mit der Evangelischen Landeskirche in W\u00fcrttemberg \u00fcber die Wahl ihres neuen Bischofs und gratuliere Ernst-Wilhelm Gohl ganz herzlich. Ich w\u00fcnsche ihm Gottes Segen, genug Kraft an Leib und Seele, vor allem Zuversicht und Gottvertrauen in dieser neuen Aufgabe. Wir erleben bedr\u00fcckende und aufw\u00fchlende Zeiten, deren Sorgen und N\u00f6te sich uns schwer auf die Seele legen. Der Apostel Paulus sagt: \u201eDie Nacht ist vorger\u00fcckt, der Tag ist nahe herbeigekommen!\u201c (1. Kor 13,12) Darin liegt die Verhei\u00dfung: Die Nacht mit ihrer Finsternis wird nicht ewig dauern, mitten darin sind wir unterwegs in den Tag, hin zum Licht. Mir wird immer deutlicher, dass es die Aufgabe von verantwortlicher Kirchenleitung ist, bodenst\u00e4ndigen Realismus und befl\u00fcgelnde Hoffnung glaubw\u00fcrdig miteinander zu verbinden. Ob es um die Zukunft unserer Kirche geht oder um die tiefen politischen und gesellschaftlichen und sozialen Krisen, die wir gerade durchmachen: Das Evangelium fordert mich heraus, die Augen vor den N\u00f6ten und Problemen dieser Welt nicht zu verschlie\u00dfen und gleichzeitig auf Gottes ungeahnte M\u00f6glichkeiten zu hoffen. Ich bin sehr froh, in der Leitungsverantwortung nicht allein zu sein. Wir sind mit vielen gemeinsam unterwegs. Daher freue ich mich auf die k\u00fcnftige Zusammenarbeit mit dem neuen w\u00fcrttembergischen Landsbischof und bin gespannt, welche neuen Melodien er in das Konzert der Evangelischen Kirche in Deutschland einbringen wird.\u201c<\/p>\n<p>Hintergrund: In der w\u00fcrttembergischen Landeskirche werden die Synodalen und damit die Landessynode, die auch Bischofswahlgremium ist, von den Gemeindegliedern direkt gew\u00e4hlt. Innerhalb der Landessynode gibt es derzeit vier Gespr\u00e4chskreise. Die Synodalen vertreten die vielf\u00e4ltigen Interessen der knapp 1,9 Mio. Kirchenmitglieder.<\/p>\n<p>Dan Peter<\/p>\n<p>Sprecher der Landeskirche<\/p>\n<\/div>\n","protected":false},"excerpt":{"rendered":"<p>Ernst-Wilhelm Gohl wird Landesbischof der Evangelischen Landeskirche in W\u00fcrttemberg Kirchliche Partner gratulieren Stuttgart. Die 16. W\u00fcrttembergische Evangelische Landessynode hat am<\/p>\n","protected":false},"author":1,"featured_media":0,"comment_status":"closed","ping_status":"closed","sticky":false,"template":"","format":"standard","meta":{"footnotes":""},"categories":[21],"tags":[],"_links":{"self":[{"href":"https:\/\/krankenhauspfarramt.de\/index.php\/wp-json\/wp\/v2\/posts\/4336"}],"collection":[{"href":"https:\/\/krankenhauspfarramt.de\/index.php\/wp-json\/wp\/v2\/posts"}],"about":[{"href":"https:\/\/krankenhauspfarramt.de\/index.php\/wp-json\/wp\/v2\/types\/post"}],"author":[{"embeddable":true,"href":"https:\/\/krankenhauspfarramt.de\/index.php\/wp-json\/wp\/v2\/users\/1"}],"replies":[{"embeddable":true,"href":"https:\/\/krankenhauspfarramt.de\/index.php\/wp-json\/wp\/v2\/comments?post=4336"}],"version-history":[{"count":0,"href":"https:\/\/krankenhauspfarramt.de\/index.php\/wp-json\/wp\/v2\/posts\/4336\/revisions"}],"wp:attachment":[{"href":"https:\/\/krankenhauspfarramt.de\/index.php\/wp-json\/wp\/v2\/media?parent=4336"}],"wp:term":[{"taxonomy":"category","embeddable":true,"href":"https:\/\/krankenhauspfarramt.de\/index.php\/wp-json\/wp\/v2\/categories?post=4336"},{"taxonomy":"post_tag","embeddable":true,"href":"https:\/\/krankenhauspfarramt.de\/index.php\/wp-json\/wp\/v2\/tags?post=4336"}],"curies":[{"name":"wp","href":"https:\/\/api.w.org\/{rel}","templated":true}]}}