{"id":4337,"date":"2022-03-21T15:17:08","date_gmt":"2022-03-21T15:17:08","guid":{"rendered":"https:\/\/krankenhauspfarramt.de\/index.php\/2022\/03\/21\/vom-hoechsten-kirchturm-ins-hoechste-kirchenamt-ekd\/"},"modified":"2022-03-21T15:17:08","modified_gmt":"2022-03-21T15:17:08","slug":"vom-hoechsten-kirchturm-ins-hoechste-kirchenamt-ekd","status":"publish","type":"post","link":"https:\/\/krankenhauspfarramt.de\/index.php\/2022\/03\/21\/vom-hoechsten-kirchturm-ins-hoechste-kirchenamt-ekd\/","title":{"rendered":"Vom h\u00f6chsten Kirchturm ins h\u00f6chste Kirchenamt \u2013 EKD"},"content":{"rendered":"<p> <br \/>\n<\/p>\n<div>\n<p>Nun geht es also vom Ulmer M\u00fcnster mit seinem h\u00f6chsten Kirchturm der Welt nach Stuttgart zum Oberkirchenrat. Wie Kirchenleitung funktioniert, wei\u00df Gohl aus verschiedenen Bez\u00fcgen. Seit 15 Jahren arbeitet er in der Landessynode mit, die \u00fcber kirchliche Gesetze und die Verwendung der Kirchensteuermittel in W\u00fcrttemberg entscheidet. Als Dekan steht er in engem Kontakt mit den Ortsgemeinden und kennt deren unterschiedliche Situationen recht genau. Nur mit diesem Wissen k\u00f6nne die Kirchenleitung die Gemeinden f\u00fcr Ver\u00e4nderungsprozesse gewinnen, hatte er kurz vor der Wahl ge\u00e4u\u00dfert.<\/p>\n<p>Der k\u00fcnftige Bischof stammt aus einem evangelischen Pfarrhaus. Er lie\u00df sich im Zivildienst zum Rettungsassistenten ausbilden, bevor er zum Theologiestudium nach T\u00fcbingen, Bern und Rom ging. Pfarrstellen hatte er in B\u00f6blingen und Plochingen inne, bevor er 2006 Dekan in Ulm wurde.<\/p>\n<p>Gohl ist mit einer Apothekerin verheiratet und Vater von zwei inzwischen erwachsenen Kindern. Zu den h\u00e4rtesten Lebenserfahrungen des k\u00fcnftigen Bischofs geh\u00f6rt der Tod eines Sohns, der im Alter von dreieinhalb Jahren verungl\u00fcckte.<\/p>\n<p>Als Leiter des evangelischen Kirchenbezirks in Ulm geriet der k\u00fcnftige Bischof immer wieder in die Schlagzeilen. So erhielt er Drohungen und Hassmails, weil er eine Corona-Impfaktion im Ulmer M\u00fcnster initiiert hatte. Seine Unterst\u00fctzung der Entscheidung, die Ulmer Weihnachtskrippe nicht mehr \u00f6ffentlich auszustellen, weil die Figur des schwarzen K\u00f6nigs rassistisch dargestellt sei, sorgte f\u00fcr aufgeregte Debatten.<\/p>\n<p>Vor der Wahl hatte Gohl ge\u00e4u\u00dfert, er halte es im Fall seiner Wahl zum Bischof f\u00fcr eine vordringliche Aufgabe, gerade distanzierte Kirchenmitglieder zu \u00fcberzeugen, warum es wichtig und gut sei, der Kirche anzugeh\u00f6ren. Gesellschaftliche Ver\u00e4nderungen &#8211; etwa der demografische Wandel und der Dialog der Religionen &#8211; m\u00fcssten nicht bedrohlich sein. \u201eEine Kirche in der Tradition der Reformation geht solche Ver\u00e4nderungsprozesse zuversichtlich an\u201c, sagte er. Die Zusammenarbeit mit der Evangelischen Landeskirche in Baden sollte seiner Ansicht nach \u201ebeherzt\u201c ausgebaut werden, wo es dem kirchlichen Auftrag dienlich sei.<\/p>\n<p>Bei seiner Vorstellung vor dem Kirchenparlament bezeichnete sich Gohl als Mensch mit Humor, aber auch mit einer Ernsthaftigkeit in theologischen Fragen und in der Grundausrichtung seines Lebens. Er nannte als positives Beispiel daf\u00fcr, wie die Landeskirche trotz ihrer unterschiedlichen Meinungen und Lager zueinander gefunden habe, den Umgang mit der Segnung gleichgeschlechtlicher Paare.<\/p>\n<p>Bis zum Wahlsieg war es allerdings ein holpriger Weg. Von den drei Kandidaten &#8211; neben Gohl der Chef des Diakoniewerks \u201eZieglersche\u201c, Gottfried Heinzmann, und die Studieninspektorin am Evangelischen Stift T\u00fcbingen, Viola Schrenk &#8211; schaffte es in vier Wahlg\u00e4ngen keiner, die erforderliche Zwei-Drittel-Mehrheit hinter sich zu bringen. Die Wahl musste unterbrochen werden, danach setzte der Nominierungsausschuss als einzigen Kandidaten Gohl als Mann der Mitte auf die Liste. Dass nun ausgerechnet der Kandidat Bischof wurde, der nach zwei Wahlg\u00e4ngen wegen niedriger Stimmenzahl zur\u00fcckzog, hinterl\u00e4sst insbesondere bei den Unterst\u00fctzern des zun\u00e4chst erfolgreicheren Gottfried Heinzmann Wunden.<\/p>\n<p>Gohl ist in der Vergangenheit der Spagat gelungen, einerseits mit einem klaren Profil als Theologe und Seelsorger aufzutreten, andererseits einend zu wirken und Christen mit kontr\u00e4ren Auffassungen zusammenzuhalten. Diese F\u00e4higkeit wird er als Bischof noch mehr brauchen &#8211; gerade in W\u00fcrttemberg, in dem die Fl\u00fcgel zwischen theologisch konservativ und liberal-progressiv teilweise sehr weit auseinanderliegen.<\/p>\n<\/p><\/div>\n","protected":false},"excerpt":{"rendered":"<p>Nun geht es also vom Ulmer M\u00fcnster mit seinem h\u00f6chsten Kirchturm der Welt nach Stuttgart zum Oberkirchenrat. Wie Kirchenleitung funktioniert,<\/p>\n","protected":false},"author":1,"featured_media":0,"comment_status":"closed","ping_status":"closed","sticky":false,"template":"","format":"standard","meta":{"footnotes":""},"categories":[20],"tags":[],"_links":{"self":[{"href":"https:\/\/krankenhauspfarramt.de\/index.php\/wp-json\/wp\/v2\/posts\/4337"}],"collection":[{"href":"https:\/\/krankenhauspfarramt.de\/index.php\/wp-json\/wp\/v2\/posts"}],"about":[{"href":"https:\/\/krankenhauspfarramt.de\/index.php\/wp-json\/wp\/v2\/types\/post"}],"author":[{"embeddable":true,"href":"https:\/\/krankenhauspfarramt.de\/index.php\/wp-json\/wp\/v2\/users\/1"}],"replies":[{"embeddable":true,"href":"https:\/\/krankenhauspfarramt.de\/index.php\/wp-json\/wp\/v2\/comments?post=4337"}],"version-history":[{"count":0,"href":"https:\/\/krankenhauspfarramt.de\/index.php\/wp-json\/wp\/v2\/posts\/4337\/revisions"}],"wp:attachment":[{"href":"https:\/\/krankenhauspfarramt.de\/index.php\/wp-json\/wp\/v2\/media?parent=4337"}],"wp:term":[{"taxonomy":"category","embeddable":true,"href":"https:\/\/krankenhauspfarramt.de\/index.php\/wp-json\/wp\/v2\/categories?post=4337"},{"taxonomy":"post_tag","embeddable":true,"href":"https:\/\/krankenhauspfarramt.de\/index.php\/wp-json\/wp\/v2\/tags?post=4337"}],"curies":[{"name":"wp","href":"https:\/\/api.w.org\/{rel}","templated":true}]}}