{"id":4341,"date":"2022-03-22T13:59:29","date_gmt":"2022-03-22T13:59:29","guid":{"rendered":"https:\/\/krankenhauspfarramt.de\/index.php\/2022\/03\/22\/die-klimakrise-fordert-unseren-glauben-und-unser-handeln-ekd\/"},"modified":"2022-03-22T13:59:29","modified_gmt":"2022-03-22T13:59:29","slug":"die-klimakrise-fordert-unseren-glauben-und-unser-handeln-ekd","status":"publish","type":"post","link":"https:\/\/krankenhauspfarramt.de\/index.php\/2022\/03\/22\/die-klimakrise-fordert-unseren-glauben-und-unser-handeln-ekd\/","title":{"rendered":"\u201eDie Klimakrise fordert unseren Glauben und unser Handeln\u201c \u2013 EKD"},"content":{"rendered":"<p> <br \/>\n<\/p>\n<div id=\"\">\n<div class=\"article--meta article--meta__border clearfix\">\n<p>                                    <time datetime=\"22.03.2022 14:00\" class=\"article--time\">22.03.2022<\/time><strong class=\"article--type primus--overline\">Pressemitteilung<\/strong><\/p>\n<picture class=\"article--source-image image\"><source srcset=\"https:\/\/www.ekd.de\/ekd_de\/ds_img\/assets\/20170622_ekd-Quellenlogo_141_rdax_423x118.png\"><!--<source srcset=\"\/ekd_de\/ds_img\/assets\/20170622_ekd-Quellenlogo_141_rdax_141x39.png 1x, \/ekd_de\/ds_img\/assets\/20170622_ekd-Quellenlogo_141_rdax_282x78.png 2x, https:\/\/www.ekd.de\/ekd_de\/ds_img\/assets\/20170622_ekd-Quellenlogo_141_rdax_423x118.png 3x\">--><img decoding=\"async\" src=\"https:\/\/www.ekd.de\/ekd_de\/ds_img\/assets\/20170622_ekd-Quellenlogo_141_rdax_141x39.png\" alt=\"EKD Logo\" title=\"EKD Logo\"\/><\/source><\/picture>\n<\/p><\/div>\n<h2 class=\"article--sub-headline primus--sub-headline\">EKD startet Kampagne f\u00fcr Klimagerechtigkeit<\/h2>\n<\/p><\/div>\n<div id=\"\">\n<p class=\"EKDFlietext\"><span style=\"line-height:14pt\">Die erste bundesweite Klimakampagne der Evangelischen Kirche in Deutschland (EKD) ist heute (Dienstag, 22. M\u00e4rz) an den Start gegangen. Ab sofort sind auf www.ekd.de\/klimagerecht und unter dem Hashtag #klimagerechtwerden Geschichten von Menschen zu finden, die sich auf unterschiedlichste Weise f\u00fcr Klimaschutz und Klimagerechtigkeit einsetzen. <\/span><\/p>\n<p class=\"EKDFlietext\"><span style=\"line-height:14pt\">Darunter sind neben Prominenten wie Eckart von Hirschhausen auch weniger bekannte Menschen zu sehen, die Klimabelange fest in ihrem Alltag verankert haben. Vom Aktivisten bis zur Bio-\/Fairtrade-Kantinen-Betreiberin \u2013 sie alle geben dem Thema ein Gesicht; in Videos, mit Statements in den sozialen Netzwerken oder auf Materialien f\u00fcr Gemeinden.<\/span><\/p>\n<p class=\"EKDFlietext\"><span style=\"line-height:14pt\">\u201eDie Klimakrise fordert unseren Glauben und unser Handeln\u201d, sagt Annette Kurschus, Ratsvorsitzende der Evangelischen Kirche in Deutschland. \u201eEs braucht klare Worte, entschlossene Hoffnung und t\u00e4tige Umkehr und es braucht sie jetzt\u201c, so Kurschus.<\/span><\/p>\n<p class=\"EKDFlietext\"><span style=\"line-height:14pt\">\u201eWir sind an den Punkt gekommen, an dem wir radikal umdenken m\u00fcssen. Wir brauchen Verzicht und ein Genug, denn die Ver\u00e4nderungen kommen unaufhaltsam auf uns zu\u201c, h\u00e4lt Anna-Nicole Heinrich, Pr\u00e4ses der Synode der EKD, fest. Sie ist \u00fcberzeugt: \u201eGott dabei an unserer Seite zu wissen, kann Kraft geben, immer wieder neu zu beginnen und Verantwortung zur Bewahrung der Sch\u00f6pfung wirklich zu \u00fcbernehmen. Im Kleinen und im Gro\u00dfen, quer durch alle Generationen hindurch, unabh\u00e4ngig von politischen \u00dcberzeugungen und Weltanschauungen \u2013 rund um den Globus.\u201c<\/span><\/p>\n<p class=\"EKDFlietext\"><span style=\"line-height:14pt\">Die EKD setzt sich seit langer Zeit aus theologischen, ethischen und humanit\u00e4ren Gr\u00fcnden f\u00fcr mehr Klimaschutz und Klimagerechtigkeit ein. Obwohl auch insbesondere viele junge Menschen f\u00fcr die gleichen Ziele auf die Stra\u00dfe gehen, mangelt es bisher oft an Ber\u00fchrungspunkten. Ziel dieser Kampagne ist es daher, das Engagement der Kirche und ihrer vielen Akteur:innen in der \u00d6ffentlichkeit st\u00e4rker sichtbar zu machen. <\/span><\/p>\n<p class=\"EKDFlietext\"><span style=\"line-height:14pt\">Hannover, 22. M\u00e4rz 2022<\/span><\/p>\n<p class=\"EKDFlietext\"><span style=\"line-height:14pt\">Pressestelle der EKD<\/span><br \/><span style=\"line-height:14pt\">Carsten Splitt<\/span><\/p>\n<\/div>\n","protected":false},"excerpt":{"rendered":"<p>22.03.2022Pressemitteilung EKD startet Kampagne f\u00fcr Klimagerechtigkeit Die erste bundesweite Klimakampagne der Evangelischen Kirche in Deutschland (EKD) ist heute (Dienstag, 22.<\/p>\n","protected":false},"author":1,"featured_media":0,"comment_status":"closed","ping_status":"closed","sticky":false,"template":"","format":"standard","meta":{"footnotes":""},"categories":[20],"tags":[],"_links":{"self":[{"href":"https:\/\/krankenhauspfarramt.de\/index.php\/wp-json\/wp\/v2\/posts\/4341"}],"collection":[{"href":"https:\/\/krankenhauspfarramt.de\/index.php\/wp-json\/wp\/v2\/posts"}],"about":[{"href":"https:\/\/krankenhauspfarramt.de\/index.php\/wp-json\/wp\/v2\/types\/post"}],"author":[{"embeddable":true,"href":"https:\/\/krankenhauspfarramt.de\/index.php\/wp-json\/wp\/v2\/users\/1"}],"replies":[{"embeddable":true,"href":"https:\/\/krankenhauspfarramt.de\/index.php\/wp-json\/wp\/v2\/comments?post=4341"}],"version-history":[{"count":0,"href":"https:\/\/krankenhauspfarramt.de\/index.php\/wp-json\/wp\/v2\/posts\/4341\/revisions"}],"wp:attachment":[{"href":"https:\/\/krankenhauspfarramt.de\/index.php\/wp-json\/wp\/v2\/media?parent=4341"}],"wp:term":[{"taxonomy":"category","embeddable":true,"href":"https:\/\/krankenhauspfarramt.de\/index.php\/wp-json\/wp\/v2\/categories?post=4341"},{"taxonomy":"post_tag","embeddable":true,"href":"https:\/\/krankenhauspfarramt.de\/index.php\/wp-json\/wp\/v2\/tags?post=4341"}],"curies":[{"name":"wp","href":"https:\/\/api.w.org\/{rel}","templated":true}]}}